{"id":19186,"date":"2025-08-29T09:19:33","date_gmt":"2025-08-29T12:19:33","guid":{"rendered":"https:\/\/laserenaradio.cl\/web\/?p=19186"},"modified":"2025-08-29T09:19:33","modified_gmt":"2025-08-29T12:19:33","slug":"marcelino-nunez-se-une-al-ipswich-town","status":"publish","type":"post","link":"https:\/\/laserenaradio.cl\/web\/2025\/08\/29\/marcelino-nunez-se-une-al-ipswich-town\/","title":{"rendered":"Marcelino N\u00fa\u00f1ez se une al Ipswich Town."},"content":{"rendered":"<p>El futbolista chileno Marcelino N\u00fa\u00f1ez fue presentado este viernes como nuevo refuerzo del Ipswich Town, club ingl\u00e9s de la Championship y cl\u00e1sico rival del Norwich City, exclub del volante.<\/p>\n<p>Por lo mismo, la presentaci\u00f3n del formado en la UC en la otra vereda no ocult\u00f3 los \u2018dardos\u2019 al archirrival. El exjugador del Ipswich, Danny Haynes, le dio la bienvenida al mediocampista con un mensaje en el que se lee \u201ces acerca de car\u00e1cter, de pasi\u00f3n, de dejar todo por el escudo\u201d.<\/p>\n<p>\u201cSolo los bravos se atreven a cambiar\u201d, agrega, en referencia al East Anglian Derby que enfrenta al Town y al Norwich.<\/p>\n<p>Ya dejando atr\u00e1s sus tres a\u00f1os como jugador del elenco canario, Marcelino N\u00fa\u00f1ez aterriza en el Ipswich Town como el primer chileno que firma por el club, con un contrato v\u00e1lido por cuatro a\u00f1os.<\/p>\n<p>Del futbolista nacional, de 25 a\u00f1os, el equipo del condado de Suffolk destac\u00f3 su experiencia en la UC por Copa Libertadores, Primera Divisi\u00f3n y, por otro lado, su recorrido por La Roja y por el mencionado Norwich, con el que jug\u00f3 119 partidos y marc\u00f3 12 goles.<\/p>\n","protected":false},"excerpt":{"rendered":"<p>El futbolista chileno Marcelino N\u00fa\u00f1ez fue presentado este viernes como nuevo refuerzo del Ipswich Town, club ingl\u00e9s de la Championship y cl\u00e1sico rival del Norwich City, exclub del volante. Por lo mismo, la presentaci\u00f3n del formado en la UC en la otra vereda no ocult\u00f3 los \u2018dardos\u2019 al archirrival. El exjugador del Ipswich, Danny Haynes, [&hellip;]<\/p>\n","protected":false},"author":2,"featured_media":19185,"comment_status":"closed","ping_status":"open","sticky":false,"template":"","format":"standard","meta":{"_jetpack_memberships_contains_paid_content":false,"jnews-multi-image_gallery":[],"jnews_single_post":[],"jnews_primary_category":[],"jnews_social_meta":[],"jnews_paywall_metabox":[],"jnews_review":[],"enable_review":"","type":"","name":"","summary":"","brand":"","sku":"","good":[],"bad":[],"score_override":"","override_value":"","rating":[],"price":[],"jnews_override_counter":[],"jnews_post_split":[],"footnotes":""},"categories":[84],"tags":[],"class_list":["post-19186","post","type-post","status-publish","format-standard","has-post-thumbnail","hentry","category-deportes"],"jetpack_featured_media_url":"https:\/\/laserenaradio.cl\/web\/wp-content\/uploads\/2025\/08\/homepiaiextractoscrapimg_webpMarcelinoIpswichTownfutbolistachileno_0.webp","jetpack_sharing_enabled":true,"_links":{"self":[{"href":"https:\/\/laserenaradio.cl\/web\/wp-json\/wp\/v2\/posts\/19186","targetHints":{"allow":["GET"]}}],"collection":[{"href":"https:\/\/laserenaradio.cl\/web\/wp-json\/wp\/v2\/posts"}],"about":[{"href":"https:\/\/laserenaradio.cl\/web\/wp-json\/wp\/v2\/types\/post"}],"author":[{"embeddable":true,"href":"https:\/\/laserenaradio.cl\/web\/wp-json\/wp\/v2\/users\/2"}],"replies":[{"embeddable":true,"href":"https:\/\/laserenaradio.cl\/web\/wp-json\/wp\/v2\/comments?post=19186"}],"version-history":[{"count":1,"href":"https:\/\/laserenaradio.cl\/web\/wp-json\/wp\/v2\/posts\/19186\/revisions"}],"predecessor-version":[{"id":19187,"href":"https:\/\/laserenaradio.cl\/web\/wp-json\/wp\/v2\/posts\/19186\/revisions\/19187"}],"wp:featuredmedia":[{"embeddable":true,"href":"https:\/\/laserenaradio.cl\/web\/wp-json\/wp\/v2\/media\/19185"}],"wp:attachment":[{"href":"https:\/\/laserenaradio.cl\/web\/wp-json\/wp\/v2\/media?parent=19186"}],"wp:term":[{"taxonomy":"category","embeddable":true,"href":"https:\/\/laserenaradio.cl\/web\/wp-json\/wp\/v2\/categories?post=19186"},{"taxonomy":"post_tag","embeddable":true,"href":"https:\/\/laserenaradio.cl\/web\/wp-json\/wp\/v2\/tags?post=19186"}],"curies":[{"name":"wp","href":"https:\/\/api.w.org\/{rel}","templated":true}]}}