{"id":19180,"date":"2025-08-29T08:57:55","date_gmt":"2025-08-29T11:57:55","guid":{"rendered":"https:\/\/laserenaradio.cl\/web\/?p=19180"},"modified":"2025-08-29T08:57:55","modified_gmt":"2025-08-29T11:57:55","slug":"everton-gana-3-1-a-deportes-la-serena","status":"publish","type":"post","link":"https:\/\/laserenaradio.cl\/web\/2025\/08\/29\/everton-gana-3-1-a-deportes-la-serena\/","title":{"rendered":"Everton gana 3-1 a Deportes La Serena."},"content":{"rendered":"<p>Triunfo en casa. Everton venci\u00f3 este jueves a Deportes La Serena, en Vi\u00f1a del Mar, en la apertura de la vigesimosegunda fecha de La Liga de Primera.<\/p>\n<p>El conjunto \u2018ruletero\u2019 se impuso de principio a fin en el estadio Sausalito, donde acab\u00f3 superando a su rival 3 a 1. Sergio Hern\u00e1ndez (13\u2032), Emiliano Ramos (27\u2032) y Sebasti\u00e1n Sosa (71\u2032) anotaron los tantos de la amplia victoria del elenco \u2018oro y cielo\u2019. El descuento forastero fue de Mat\u00edas Pinto (82\u2032).<\/p>\n<p>La Serena ven\u00eda de cambiar su entrenador tras la mala racha de Cristian Paulucci. Esta jornada estuvo Francisco Boz\u00e1n en calidad de interino, sin embargo, el desempe\u00f1o de los jugadores \u2018granates\u2019 fue pr\u00e1cticamente el mismo que ven\u00eda exhibiendo.<\/p>\n<p>Gracias a este resultado, Everton lleg\u00f3 a 22 puntos y escal\u00f3 al duod\u00e9cimo casillero del torneo, alej\u00e1ndose de la zona de descenso donde est\u00e1n -por ahora-, Uni\u00f3n Espa\u00f1ola y Deportes Iquique, con 14 y 11 positivos, respectivamente. La Serena, en tanto, qued\u00f3 decimotercero con 19.<\/p>\n<p>En la siguiente jornada de la competencia, los vi\u00f1amarinos visitar\u00e1n a Uni\u00f3n La Calera, mientras que los serenenses ser\u00e1n anfitriones ante \u00d1ublense.<\/p>\n","protected":false},"excerpt":{"rendered":"<p>Triunfo en casa. Everton venci\u00f3 este jueves a Deportes La Serena, en Vi\u00f1a del Mar, en la apertura de la vigesimosegunda fecha de La Liga de Primera. El conjunto \u2018ruletero\u2019 se impuso de principio a fin en el estadio Sausalito, donde acab\u00f3 superando a su rival 3 a 1. Sergio Hern\u00e1ndez (13\u2032), Emiliano Ramos (27\u2032) [&hellip;]<\/p>\n","protected":false},"author":2,"featured_media":19179,"comment_status":"closed","ping_status":"open","sticky":false,"template":"","format":"standard","meta":{"_jetpack_memberships_contains_paid_content":false,"jnews-multi-image_gallery":[],"jnews_single_post":[],"jnews_primary_category":[],"jnews_social_meta":[],"jnews_paywall_metabox":[],"jnews_review":[],"enable_review":"","type":"","name":"","summary":"","brand":"","sku":"","good":[],"bad":[],"score_override":"","override_value":"","rating":[],"price":[],"jnews_override_counter":[],"jnews_post_split":[],"footnotes":""},"categories":[84],"tags":[],"class_list":["post-19180","post","type-post","status-publish","format-standard","has-post-thumbnail","hentry","category-deportes"],"jetpack_featured_media_url":"https:\/\/laserenaradio.cl\/web\/wp-content\/uploads\/2025\/08\/homepiaiextractoscrapimg_webpEvertonjornadaTriunfazocasa_1.webp","jetpack_sharing_enabled":true,"_links":{"self":[{"href":"https:\/\/laserenaradio.cl\/web\/wp-json\/wp\/v2\/posts\/19180","targetHints":{"allow":["GET"]}}],"collection":[{"href":"https:\/\/laserenaradio.cl\/web\/wp-json\/wp\/v2\/posts"}],"about":[{"href":"https:\/\/laserenaradio.cl\/web\/wp-json\/wp\/v2\/types\/post"}],"author":[{"embeddable":true,"href":"https:\/\/laserenaradio.cl\/web\/wp-json\/wp\/v2\/users\/2"}],"replies":[{"embeddable":true,"href":"https:\/\/laserenaradio.cl\/web\/wp-json\/wp\/v2\/comments?post=19180"}],"version-history":[{"count":1,"href":"https:\/\/laserenaradio.cl\/web\/wp-json\/wp\/v2\/posts\/19180\/revisions"}],"predecessor-version":[{"id":19181,"href":"https:\/\/laserenaradio.cl\/web\/wp-json\/wp\/v2\/posts\/19180\/revisions\/19181"}],"wp:featuredmedia":[{"embeddable":true,"href":"https:\/\/laserenaradio.cl\/web\/wp-json\/wp\/v2\/media\/19179"}],"wp:attachment":[{"href":"https:\/\/laserenaradio.cl\/web\/wp-json\/wp\/v2\/media?parent=19180"}],"wp:term":[{"taxonomy":"category","embeddable":true,"href":"https:\/\/laserenaradio.cl\/web\/wp-json\/wp\/v2\/categories?post=19180"},{"taxonomy":"post_tag","embeddable":true,"href":"https:\/\/laserenaradio.cl\/web\/wp-json\/wp\/v2\/tags?post=19180"}],"curies":[{"name":"wp","href":"https:\/\/api.w.org\/{rel}","templated":true}]}}