{"id":19177,"date":"2025-08-29T08:56:12","date_gmt":"2025-08-29T11:56:12","guid":{"rendered":"https:\/\/laserenaradio.cl\/web\/?p=19177"},"modified":"2025-08-29T08:56:12","modified_gmt":"2025-08-29T11:56:12","slug":"terror-en-puente-alto-40-disparos-dejaron-a-un-hombre-sin-vida-en-bajos-de-mena","status":"publish","type":"post","link":"https:\/\/laserenaradio.cl\/web\/2025\/08\/29\/terror-en-puente-alto-40-disparos-dejaron-a-un-hombre-sin-vida-en-bajos-de-mena\/","title":{"rendered":"Terror en Puente Alto: 40 disparos dejaron a un hombre sin vida en Bajos de Mena."},"content":{"rendered":"<p>Nuevos detalles se conocieron del segundo homicidio ocurrido en Bajos de Mena, Puente Alto. El hecho sucedi\u00f3 espec\u00edficamente en la poblaci\u00f3n Marta Brunet, calle Reloj de Sol. A eso de las 5:00 de la madrugada de este viernes, vecinos reportaron una balacera a <a href=\"https:\/\/www.carabineros.cl\/\">Carabineros<\/a>, quienes encontraron a un hombre sin vida con varios disparos, incluidos algunos en el rostro.<\/p>\n<p>Adem\u00e1s, los residentes del sector relataron que el hombre tambi\u00e9n estaba lesionado en las piernas, lo que sugiere que hubo un atropello. Tras los disparos, se escuch\u00f3 el ruido de un veh\u00edculo huir. La investigaci\u00f3n qued\u00f3 a cargo de la <a href=\"https:\/\/www.fiscaliadechile.cl\/\">Fiscal\u00eda<\/a> ECOH y la Brigada de Homicidios de la <a href=\"https:\/\/www.pdichile.cl\/\">PDI<\/a>.<\/p>\n<p>Este crimen ocurre en la misma calle donde, hace casi un a\u00f1o, fue asesinado un hombre relacionado con drogas. Durante su velorio, hubo otra balacera que result\u00f3 en la muerte de un adolescente de 17 a\u00f1os y dej\u00f3 a una ni\u00f1a de 13 a\u00f1os herida.<\/p>\n<p>El segundo asesinato en Bajos de Mena esta noche se produce en R\u00edo Volc\u00e1n con Estero de Dios, donde anoche otro hombre fue asesinado a tiros. Seg\u00fan su pareja, el individuo tendr\u00eda un prontuario policial extenso y era residente del mismo sector, relacionado con la venta y consumo problem\u00e1tico de drogas.<\/p>\n<p>La violencia en Bajos de Mena contin\u00faa siendo un problema persistente, con m\u00faltiples casos ligados a las actividades il\u00edcitas.<\/p>\n","protected":false},"excerpt":{"rendered":"<p>Nuevos detalles se conocieron del segundo homicidio ocurrido en Bajos de Mena, Puente Alto. El hecho sucedi\u00f3 espec\u00edficamente en la poblaci\u00f3n Marta Brunet, calle Reloj de Sol. A eso de las 5:00 de la madrugada de este viernes, vecinos reportaron una balacera a Carabineros, quienes encontraron a un hombre sin vida con varios disparos, incluidos [&hellip;]<\/p>\n","protected":false},"author":2,"featured_media":19176,"comment_status":"closed","ping_status":"open","sticky":false,"template":"","format":"standard","meta":{"_jetpack_memberships_contains_paid_content":false,"jnews-multi-image_gallery":[],"jnews_single_post":[],"jnews_primary_category":[],"jnews_social_meta":[],"jnews_paywall_metabox":[],"jnews_review":[],"enable_review":"","type":"","name":"","summary":"","brand":"","sku":"","good":[],"bad":[],"score_override":"","override_value":"","rating":[],"price":[],"jnews_override_counter":[],"jnews_post_split":[],"footnotes":""},"categories":[21],"tags":[],"class_list":["post-19177","post","type-post","status-publish","format-standard","has-post-thumbnail","hentry","category-nacional"],"jetpack_featured_media_url":"https:\/\/laserenaradio.cl\/web\/wp-content\/uploads\/2025\/08\/homepiaiextractoscrapimg_webpTerrorPuente_0.webp","jetpack_sharing_enabled":true,"_links":{"self":[{"href":"https:\/\/laserenaradio.cl\/web\/wp-json\/wp\/v2\/posts\/19177","targetHints":{"allow":["GET"]}}],"collection":[{"href":"https:\/\/laserenaradio.cl\/web\/wp-json\/wp\/v2\/posts"}],"about":[{"href":"https:\/\/laserenaradio.cl\/web\/wp-json\/wp\/v2\/types\/post"}],"author":[{"embeddable":true,"href":"https:\/\/laserenaradio.cl\/web\/wp-json\/wp\/v2\/users\/2"}],"replies":[{"embeddable":true,"href":"https:\/\/laserenaradio.cl\/web\/wp-json\/wp\/v2\/comments?post=19177"}],"version-history":[{"count":1,"href":"https:\/\/laserenaradio.cl\/web\/wp-json\/wp\/v2\/posts\/19177\/revisions"}],"predecessor-version":[{"id":19178,"href":"https:\/\/laserenaradio.cl\/web\/wp-json\/wp\/v2\/posts\/19177\/revisions\/19178"}],"wp:featuredmedia":[{"embeddable":true,"href":"https:\/\/laserenaradio.cl\/web\/wp-json\/wp\/v2\/media\/19176"}],"wp:attachment":[{"href":"https:\/\/laserenaradio.cl\/web\/wp-json\/wp\/v2\/media?parent=19177"}],"wp:term":[{"taxonomy":"category","embeddable":true,"href":"https:\/\/laserenaradio.cl\/web\/wp-json\/wp\/v2\/categories?post=19177"},{"taxonomy":"post_tag","embeddable":true,"href":"https:\/\/laserenaradio.cl\/web\/wp-json\/wp\/v2\/tags?post=19177"}],"curies":[{"name":"wp","href":"https:\/\/api.w.org\/{rel}","templated":true}]}}