{"id":19171,"date":"2025-08-28T23:05:57","date_gmt":"2025-08-29T02:05:57","guid":{"rendered":"https:\/\/laserenaradio.cl\/web\/?p=19171"},"modified":"2025-08-28T23:05:57","modified_gmt":"2025-08-29T02:05:57","slug":"turistas-argentinos-podrian-sentirse-incomodos-tras-amenazas-por-partido-entre-independiente-y-universidad-de-chile","status":"publish","type":"post","link":"https:\/\/laserenaradio.cl\/web\/2025\/08\/28\/turistas-argentinos-podrian-sentirse-incomodos-tras-amenazas-por-partido-entre-independiente-y-universidad-de-chile\/","title":{"rendered":"Turistas argentinos podr\u00edan sentirse inc\u00f3modos tras amenazas por partido entre Independiente y Universidad de Chile."},"content":{"rendered":"<p>El ministro de Seguridad, Luis Cordero, se refiri\u00f3 a la supuesta preocupaci\u00f3n de turistas argentinos por visitar Chile, tras amenazas relacionadas con un partido de f\u00fatbol. Seg\u00fan inform\u00f3 el diario La Naci\u00f3n, algunos tours de compras habr\u00edan sido reanudados con &#8220;recaudos&#8221;, por temor a represalias chilenas.<\/p>\n<p>Cordero asegur\u00f3 que esas preocupaciones han sido recepcionadas por las autoridades. &#8220;Nosotros hemos recepcionado esa preocupaci\u00f3n. <a href=\"https:\/\/www.carabineros.cl\/\">Carabineros<\/a> ha estado levantando la informaci\u00f3n conjuntamente con la Polic\u00eda de Investigaciones para verificar si existen esas amenazas,&#8221; explic\u00f3.<\/p>\n<p>El secretario de Estado a\u00f1adi\u00f3 que hasta el momento no se ha registrado una disminuci\u00f3n en los visitantes argentinos, destacando que las medidas preventivas son suficientes. &#8220;Hasta ahora no tenemos m\u00e1s informaci\u00f3n que aquella que han provisto las agencias de turismo.&#8221;<\/p>\n<p>Asimismo, Cordero inform\u00f3 sobre la solicitud a <a href=\"https:\/\/www.carabineros.cl\/\">Carabineros<\/a> para verificar una denuncia sobre una familia argentina que habr\u00eda dejado Chile tras recibir amenazas y ataques armados relacionados con el partido. &#8220;Nosotros le hemos pedido a <a href=\"https:\/\/www.carabineros.cl\/\">Carabineros<\/a> verificar si esa denuncia efectivamente existe,&#8221; afirm\u00f3.<\/p>\n<p>El ministro asegur\u00f3 que las medidas de resguardo est\u00e1n en marcha para garantizar la seguridad de los turistas, especialmente argentinos. &#8220;Pero, en segundo lugar, en el evento de tener un leg\u00edtimo temor, est\u00e1n las instituciones policiales tomando las medidas de resguardo adecuadas con ese fin,&#8221; concluy\u00f3.<\/p>\n","protected":false},"excerpt":{"rendered":"<p>El ministro de Seguridad, Luis Cordero, se refiri\u00f3 a la supuesta preocupaci\u00f3n de turistas argentinos por visitar Chile, tras amenazas relacionadas con un partido de f\u00fatbol. Seg\u00fan inform\u00f3 el diario La Naci\u00f3n, algunos tours de compras habr\u00edan sido reanudados con &#8220;recaudos&#8221;, por temor a represalias chilenas. Cordero asegur\u00f3 que esas preocupaciones han sido recepcionadas por [&hellip;]<\/p>\n","protected":false},"author":2,"featured_media":19170,"comment_status":"closed","ping_status":"open","sticky":false,"template":"","format":"standard","meta":{"_jetpack_memberships_contains_paid_content":false,"jnews-multi-image_gallery":[],"jnews_single_post":[],"jnews_primary_category":[],"jnews_social_meta":[],"jnews_paywall_metabox":[],"jnews_review":[],"enable_review":"","type":"","name":"","summary":"","brand":"","sku":"","good":[],"bad":[],"score_override":"","override_value":"","rating":[],"price":[],"jnews_override_counter":[],"jnews_post_split":[],"footnotes":""},"categories":[21],"tags":[],"class_list":["post-19171","post","type-post","status-publish","format-standard","has-post-thumbnail","hentry","category-nacional"],"jetpack_featured_media_url":"https:\/\/laserenaradio.cl\/web\/wp-content\/uploads\/2025\/08\/homepiaiextractoscrapimg_webpargentinosamenazasChilepartido_1.webp","jetpack_sharing_enabled":true,"_links":{"self":[{"href":"https:\/\/laserenaradio.cl\/web\/wp-json\/wp\/v2\/posts\/19171","targetHints":{"allow":["GET"]}}],"collection":[{"href":"https:\/\/laserenaradio.cl\/web\/wp-json\/wp\/v2\/posts"}],"about":[{"href":"https:\/\/laserenaradio.cl\/web\/wp-json\/wp\/v2\/types\/post"}],"author":[{"embeddable":true,"href":"https:\/\/laserenaradio.cl\/web\/wp-json\/wp\/v2\/users\/2"}],"replies":[{"embeddable":true,"href":"https:\/\/laserenaradio.cl\/web\/wp-json\/wp\/v2\/comments?post=19171"}],"version-history":[{"count":1,"href":"https:\/\/laserenaradio.cl\/web\/wp-json\/wp\/v2\/posts\/19171\/revisions"}],"predecessor-version":[{"id":19172,"href":"https:\/\/laserenaradio.cl\/web\/wp-json\/wp\/v2\/posts\/19171\/revisions\/19172"}],"wp:featuredmedia":[{"embeddable":true,"href":"https:\/\/laserenaradio.cl\/web\/wp-json\/wp\/v2\/media\/19170"}],"wp:attachment":[{"href":"https:\/\/laserenaradio.cl\/web\/wp-json\/wp\/v2\/media?parent=19171"}],"wp:term":[{"taxonomy":"category","embeddable":true,"href":"https:\/\/laserenaradio.cl\/web\/wp-json\/wp\/v2\/categories?post=19171"},{"taxonomy":"post_tag","embeddable":true,"href":"https:\/\/laserenaradio.cl\/web\/wp-json\/wp\/v2\/tags?post=19171"}],"curies":[{"name":"wp","href":"https:\/\/api.w.org\/{rel}","templated":true}]}}