{"id":19165,"date":"2025-08-28T23:02:03","date_gmt":"2025-08-29T02:02:03","guid":{"rendered":"https:\/\/laserenaradio.cl\/web\/?p=19165"},"modified":"2025-08-28T23:02:03","modified_gmt":"2025-08-29T02:02:03","slug":"medicos-de-fonasa-emitieron-licencias-a-otros-pacientes-pese-estar-ellos-mismo-con-licencia","status":"publish","type":"post","link":"https:\/\/laserenaradio.cl\/web\/2025\/08\/28\/medicos-de-fonasa-emitieron-licencias-a-otros-pacientes-pese-estar-ellos-mismo-con-licencia\/","title":{"rendered":"M\u00e9dicos de Fonasa emitieron licencias a otros pacientes pese estar ellos mismo con licencia."},"content":{"rendered":"<p>La Seremi de Salud de la Araucan\u00eda confirm\u00f3 una falta grave: 105 m\u00e9dicos afiliados a Fonasa emitieron licencias m\u00e9dicas mientras ellos mismos estaban con licencia. Andr\u00e9s Cuyul, encargado regional, calific\u00f3 este comportamiento como \u201cuna falta grave\u201d y asegur\u00f3 que los profesionales fueron suspendidos de la plataforma oficial para emitir nuevas licencias.<\/p>\n<p>Las instituciones empleadoras ya fueron notificadas, inici\u00e1ndose investigaciones administrativas para determinar posibles sanciones. Cuyul explic\u00f3: &#8220;Estos m\u00e9dicos tambi\u00e9n han sido suspendidos de su facultad de dar licencia m\u00e9dica en la plataforma respectiva&#8221;. <\/p>\n<p>Este caso fue notificado a los distintos empleadores y est\u00e1 siendo investigado a trav\u00e9s de sumarios administrativos, junto con el proceso abierto contra funcionarios p\u00fablicos que salieron del pa\u00eds mientras estaban con licencia m\u00e9dica.<\/p>\n<p>Una vez resueltos los sumarios, la Comisi\u00f3n de Medicina Preventiva e Invalidez (Compin) podr\u00e1 rechazar las licencias y permitir a los empleadores solicitar el reintegro de los fondos involucrados. Seg\u00fan Cuyul, ambos procesos avanzan progresivamente.<\/p>\n","protected":false},"excerpt":{"rendered":"<p>La Seremi de Salud de la Araucan\u00eda confirm\u00f3 una falta grave: 105 m\u00e9dicos afiliados a Fonasa emitieron licencias m\u00e9dicas mientras ellos mismos estaban con licencia. Andr\u00e9s Cuyul, encargado regional, calific\u00f3 este comportamiento como \u201cuna falta grave\u201d y asegur\u00f3 que los profesionales fueron suspendidos de la plataforma oficial para emitir nuevas licencias. Las instituciones empleadoras ya [&hellip;]<\/p>\n","protected":false},"author":2,"featured_media":19164,"comment_status":"closed","ping_status":"open","sticky":false,"template":"","format":"standard","meta":{"_jetpack_memberships_contains_paid_content":false,"jnews-multi-image_gallery":[],"jnews_single_post":[],"jnews_primary_category":[],"jnews_social_meta":[],"jnews_paywall_metabox":[],"jnews_review":[],"enable_review":"","type":"","name":"","summary":"","brand":"","sku":"","good":[],"bad":[],"score_override":"","override_value":"","rating":[],"price":[],"jnews_override_counter":[],"jnews_post_split":[],"footnotes":""},"categories":[21],"tags":[],"class_list":["post-19165","post","type-post","status-publish","format-standard","has-post-thumbnail","hentry","category-nacional"],"jetpack_featured_media_url":"https:\/\/laserenaradio.cl\/web\/wp-content\/uploads\/2025\/08\/homepiaiextractoscrapimg_webplicenciaslicenciaCuyulfalta_1.webp","jetpack_sharing_enabled":true,"_links":{"self":[{"href":"https:\/\/laserenaradio.cl\/web\/wp-json\/wp\/v2\/posts\/19165","targetHints":{"allow":["GET"]}}],"collection":[{"href":"https:\/\/laserenaradio.cl\/web\/wp-json\/wp\/v2\/posts"}],"about":[{"href":"https:\/\/laserenaradio.cl\/web\/wp-json\/wp\/v2\/types\/post"}],"author":[{"embeddable":true,"href":"https:\/\/laserenaradio.cl\/web\/wp-json\/wp\/v2\/users\/2"}],"replies":[{"embeddable":true,"href":"https:\/\/laserenaradio.cl\/web\/wp-json\/wp\/v2\/comments?post=19165"}],"version-history":[{"count":1,"href":"https:\/\/laserenaradio.cl\/web\/wp-json\/wp\/v2\/posts\/19165\/revisions"}],"predecessor-version":[{"id":19166,"href":"https:\/\/laserenaradio.cl\/web\/wp-json\/wp\/v2\/posts\/19165\/revisions\/19166"}],"wp:featuredmedia":[{"embeddable":true,"href":"https:\/\/laserenaradio.cl\/web\/wp-json\/wp\/v2\/media\/19164"}],"wp:attachment":[{"href":"https:\/\/laserenaradio.cl\/web\/wp-json\/wp\/v2\/media?parent=19165"}],"wp:term":[{"taxonomy":"category","embeddable":true,"href":"https:\/\/laserenaradio.cl\/web\/wp-json\/wp\/v2\/categories?post=19165"},{"taxonomy":"post_tag","embeddable":true,"href":"https:\/\/laserenaradio.cl\/web\/wp-json\/wp\/v2\/tags?post=19165"}],"curies":[{"name":"wp","href":"https:\/\/api.w.org\/{rel}","templated":true}]}}