{"id":19162,"date":"2025-08-28T22:59:46","date_gmt":"2025-08-29T01:59:46","guid":{"rendered":"https:\/\/laserenaradio.cl\/web\/?p=19162"},"modified":"2025-08-28T22:59:46","modified_gmt":"2025-08-29T01:59:46","slug":"retiran-placas-de-pinera-para-instalar-las-de-boric-en-hospital-de-alto-hospicio","status":"publish","type":"post","link":"https:\/\/laserenaradio.cl\/web\/2025\/08\/28\/retiran-placas-de-pinera-para-instalar-las-de-boric-en-hospital-de-alto-hospicio\/","title":{"rendered":"Retiran placas de Pi\u00f1era para instalar las de Boric en hospital de Alto Hospicio"},"content":{"rendered":"<p>Se sella la pol\u00e9mica: la placa que reconoc\u00eda al gobierno de Sebasti\u00e1n Pi\u00f1era en el Hospital de Alto Hospicio fue retirada y sustituida por una del presidente Gabriel Boric. Este hecho se constat\u00f3 mediante registros fotogr\u00e1ficos y publicaciones oficiales.<\/p>\n<p>Recordemos que el pasado lunes 25 de agosto, la senadora Luz Ebensperger (UDI) realiz\u00f3 la denuncia, calificando el hecho como una \u201cmezquindad pol\u00edtica\u201d. Tras la acusaci\u00f3n, desde el Gobierno desmintieron a la senadora Ebensperger.<\/p>\n<p>El mi\u00e9rcoles 27, el Servicio de Salud de Tarapac\u00e1 asegur\u00f3 que al momento de recibir la nueva infraestructura, mediante el acta de explotaci\u00f3n firmada con fecha 15 de marzo de 2023, el recinto no contaba con ning\u00fan tipo de placa identificatoria. Tras la ceremonia de inauguraci\u00f3n efectuada el 24 de julio del 2025, se procedi\u00f3 a instalar la actual placa conmemorativa con fecha 11 de agosto del 2025.<\/p>\n<p>Sin embargo, el medio Fast Check constat\u00f3 que la placa original, que reconoc\u00eda al gobierno de Sebasti\u00e1n Pi\u00f1era, fue sacada del recinto m\u00e9dico. En su reemplazo se instal\u00f3 la placa conmemorativa que consigna que la obra se inaugur\u00f3 en el gobierno de Gabriel Boric.<\/p>\n<p>El citado medio contact\u00f3 directamente al Servicio de Salud Tarapac\u00e1 y al Hospital Alto Hospicio para consultar por la incongruencia en las fechas. Ambas instituciones se remitieron \u00fanicamente al comunicado inicial y negaron a aportar m\u00e1s antecedentes sobre el periodo entre marzo de 2022 y marzo de 2023.<\/p>\n<p>Pero los medios locales Ahora Tarapac\u00e1 y El Longino, junto con la Municipalidad de Alto Hospicio, documentaron en su momento la instalaci\u00f3n de la placa original. Esta cobertura period\u00edstica sirvi\u00f3 como prueba irrefutable de su existencia previa. Andr\u00e9s Cappona, exjefe de gabinete del exdelegado Miguel \u00c1ngel Quezada, confirm\u00f3 a Fast Check que su administraci\u00f3n coordin\u00f3 la confecci\u00f3n e instalaci\u00f3n de la placa de Pi\u00f1era.<\/p>\n<p>Cappona explic\u00f3 que la placa llevaba la fecha de enero de 2022 por una eventual visita del expresidente que finalmente no se concret\u00f3. Por tanto, el medio de verificaci\u00f3n concluy\u00f3 que la placa del expresidente Pi\u00f1era existi\u00f3 y fue instalada en marzo de 2022. Asimismo, calific\u00f3 como #real la afirmaci\u00f3n de la senadora Ebensperger, ya que la placa fue retirada durante el gobierno del presidente Boric y reemplazada por una nueva.<\/p>\n","protected":false},"excerpt":{"rendered":"<p>Se sella la pol\u00e9mica: la placa que reconoc\u00eda al gobierno de Sebasti\u00e1n Pi\u00f1era en el Hospital de Alto Hospicio fue retirada y sustituida por una del presidente Gabriel Boric. Este hecho se constat\u00f3 mediante registros fotogr\u00e1ficos y publicaciones oficiales. Recordemos que el pasado lunes 25 de agosto, la senadora Luz Ebensperger (UDI) realiz\u00f3 la denuncia, [&hellip;]<\/p>\n","protected":false},"author":2,"featured_media":19161,"comment_status":"closed","ping_status":"open","sticky":false,"template":"","format":"standard","meta":{"_jetpack_memberships_contains_paid_content":false,"jnews-multi-image_gallery":[],"jnews_single_post":[],"jnews_primary_category":[],"jnews_social_meta":[],"jnews_paywall_metabox":[],"jnews_review":[],"enable_review":"","type":"","name":"","summary":"","brand":"","sku":"","good":[],"bad":[],"score_override":"","override_value":"","rating":[],"price":[],"jnews_override_counter":[],"jnews_post_split":[],"footnotes":""},"categories":[21],"tags":[],"class_list":["post-19162","post","type-post","status-publish","format-standard","has-post-thumbnail","hentry","category-nacional"],"jetpack_featured_media_url":"https:\/\/laserenaradio.cl\/web\/wp-content\/uploads\/2025\/08\/homepiaiextractoscrapimg_predeterminadalaserenaradio_nacional-37.webp","jetpack_sharing_enabled":true,"_links":{"self":[{"href":"https:\/\/laserenaradio.cl\/web\/wp-json\/wp\/v2\/posts\/19162","targetHints":{"allow":["GET"]}}],"collection":[{"href":"https:\/\/laserenaradio.cl\/web\/wp-json\/wp\/v2\/posts"}],"about":[{"href":"https:\/\/laserenaradio.cl\/web\/wp-json\/wp\/v2\/types\/post"}],"author":[{"embeddable":true,"href":"https:\/\/laserenaradio.cl\/web\/wp-json\/wp\/v2\/users\/2"}],"replies":[{"embeddable":true,"href":"https:\/\/laserenaradio.cl\/web\/wp-json\/wp\/v2\/comments?post=19162"}],"version-history":[{"count":1,"href":"https:\/\/laserenaradio.cl\/web\/wp-json\/wp\/v2\/posts\/19162\/revisions"}],"predecessor-version":[{"id":19163,"href":"https:\/\/laserenaradio.cl\/web\/wp-json\/wp\/v2\/posts\/19162\/revisions\/19163"}],"wp:featuredmedia":[{"embeddable":true,"href":"https:\/\/laserenaradio.cl\/web\/wp-json\/wp\/v2\/media\/19161"}],"wp:attachment":[{"href":"https:\/\/laserenaradio.cl\/web\/wp-json\/wp\/v2\/media?parent=19162"}],"wp:term":[{"taxonomy":"category","embeddable":true,"href":"https:\/\/laserenaradio.cl\/web\/wp-json\/wp\/v2\/categories?post=19162"},{"taxonomy":"post_tag","embeddable":true,"href":"https:\/\/laserenaradio.cl\/web\/wp-json\/wp\/v2\/tags?post=19162"}],"curies":[{"name":"wp","href":"https:\/\/api.w.org\/{rel}","templated":true}]}}