{"id":19156,"date":"2025-08-28T22:31:18","date_gmt":"2025-08-29T01:31:18","guid":{"rendered":"https:\/\/laserenaradio.cl\/web\/?p=19156"},"modified":"2025-08-28T22:31:18","modified_gmt":"2025-08-29T01:31:18","slug":"la-corte-de-apelaciones-de-la-serena-tramita-recurso-contra-natalia-valdebenito-por-un-chiste-sobre-mineros-fallecidos","status":"publish","type":"post","link":"https:\/\/laserenaradio.cl\/web\/2025\/08\/28\/la-corte-de-apelaciones-de-la-serena-tramita-recurso-contra-natalia-valdebenito-por-un-chiste-sobre-mineros-fallecidos\/","title":{"rendered":"La Corte de Apelaciones de La Serena tramita recurso contra Natalia Valdebenito por un chiste sobre mineros fallecidos."},"content":{"rendered":"<p>La Corte de Apelaciones de La Serena acogi\u00f3 a tramitaci\u00f3n un recurso de protecci\u00f3n en contra de la humorista Natalia Valdebenito. El recurso fue interpuso por los abogados Sergio Salazar y Pamela Cisternas, representantes de familiares de los mineros fallecidos en el derrumbe de la mina El Teniente.<\/p>\n<p>El recurso solicita que se proh\u00edba a Valdebenito &#8220;realizar chistes, bromas, mofas o rutinas de humor&#8221; relacionadas con la tragedia ocurrida el 31 de julio de 2025. Adem\u00e1s, exige la eliminaci\u00f3n de cualquier contenido en redes sociales que mencione dicha rutina.<\/p>\n<p>Seg\u00fan los recurrentes, Valdebenito pronunci\u00f3 una frase incriminatoria durante un espect\u00e1culo p\u00fablico: &#8220;Puedo decir que fui la \u00fanica persona contenta de que pasara lo de los mineros&#8221;. Esta afirmaci\u00f3n, interrumpida por aplausos seguidos de un &#8220;iohhh!&#8221; del p\u00fablico, fue calificada como inapropiada.<\/p>\n<p>Los abogados argumentan que la rutina se produjo en un contexto comercial, comparando el valor de esta expresi\u00f3n con otras formas de libertad de expresi\u00f3n. Sin embargo, sostienen que tales derechos no superan el deber moral de respetar a los familiares de las v\u00edctimas.<\/p>\n<p>La Corte otorg\u00f3 un plazo de ocho d\u00edas a Valdebenito para presentar su informe sobre los hechos, adjuntando todos los antecedentes relevantes. Esta decisi\u00f3n se produce despu\u00e9s de que la comediante, inicialmente, rechazara disculparse por sus dichos, consider\u00e1ndolos &#8220;hipocres\u00eda&#8221;. Posteriormente, Valdebenito public\u00f3 un video en su cuenta de Instagram pidiendo disculpas sinceras a la familia minera de Chile y especialmente a las familias afectadas.<\/p>\n","protected":false},"excerpt":{"rendered":"<p>La Corte de Apelaciones de La Serena acogi\u00f3 a tramitaci\u00f3n un recurso de protecci\u00f3n en contra de la humorista Natalia Valdebenito. El recurso fue interpuso por los abogados Sergio Salazar y Pamela Cisternas, representantes de familiares de los mineros fallecidos en el derrumbe de la mina El Teniente. El recurso solicita que se proh\u00edba a [&hellip;]<\/p>\n","protected":false},"author":2,"featured_media":19155,"comment_status":"closed","ping_status":"open","sticky":false,"template":"","format":"standard","meta":{"_jetpack_memberships_contains_paid_content":false,"jnews-multi-image_gallery":[],"jnews_single_post":[],"jnews_primary_category":[],"jnews_social_meta":[],"jnews_paywall_metabox":[],"jnews_review":[],"enable_review":"","type":"","name":"","summary":"","brand":"","sku":"","good":[],"bad":[],"score_override":"","override_value":"","rating":[],"price":[],"jnews_override_counter":[],"jnews_post_split":[],"footnotes":""},"categories":[21],"tags":[],"class_list":["post-19156","post","type-post","status-publish","format-standard","has-post-thumbnail","hentry","category-nacional"],"jetpack_featured_media_url":"https:\/\/laserenaradio.cl\/web\/wp-content\/uploads\/2025\/08\/homepiaiextractoscrapimg_predeterminadalaserenaradio_nacional-36.webp","jetpack_sharing_enabled":true,"_links":{"self":[{"href":"https:\/\/laserenaradio.cl\/web\/wp-json\/wp\/v2\/posts\/19156","targetHints":{"allow":["GET"]}}],"collection":[{"href":"https:\/\/laserenaradio.cl\/web\/wp-json\/wp\/v2\/posts"}],"about":[{"href":"https:\/\/laserenaradio.cl\/web\/wp-json\/wp\/v2\/types\/post"}],"author":[{"embeddable":true,"href":"https:\/\/laserenaradio.cl\/web\/wp-json\/wp\/v2\/users\/2"}],"replies":[{"embeddable":true,"href":"https:\/\/laserenaradio.cl\/web\/wp-json\/wp\/v2\/comments?post=19156"}],"version-history":[{"count":1,"href":"https:\/\/laserenaradio.cl\/web\/wp-json\/wp\/v2\/posts\/19156\/revisions"}],"predecessor-version":[{"id":19157,"href":"https:\/\/laserenaradio.cl\/web\/wp-json\/wp\/v2\/posts\/19156\/revisions\/19157"}],"wp:featuredmedia":[{"embeddable":true,"href":"https:\/\/laserenaradio.cl\/web\/wp-json\/wp\/v2\/media\/19155"}],"wp:attachment":[{"href":"https:\/\/laserenaradio.cl\/web\/wp-json\/wp\/v2\/media?parent=19156"}],"wp:term":[{"taxonomy":"category","embeddable":true,"href":"https:\/\/laserenaradio.cl\/web\/wp-json\/wp\/v2\/categories?post=19156"},{"taxonomy":"post_tag","embeddable":true,"href":"https:\/\/laserenaradio.cl\/web\/wp-json\/wp\/v2\/tags?post=19156"}],"curies":[{"name":"wp","href":"https:\/\/api.w.org\/{rel}","templated":true}]}}