{"id":19141,"date":"2025-08-27T22:01:52","date_gmt":"2025-08-28T01:01:52","guid":{"rendered":"https:\/\/laserenaradio.cl\/web\/?p=19141"},"modified":"2025-08-27T22:01:52","modified_gmt":"2025-08-28T01:01:52","slug":"starlink-recibe-autorizacion-para-instalar-seis-estaciones-en-chile","status":"publish","type":"post","link":"https:\/\/laserenaradio.cl\/web\/2025\/08\/27\/starlink-recibe-autorizacion-para-instalar-seis-estaciones-en-chile\/","title":{"rendered":"Starlink recibe autorizaci\u00f3n para instalar seis estaciones en Chile"},"content":{"rendered":"<p>De acuerdo a lo informado por el Diario Oficial, este mi\u00e9rcoles la Subsecretar\u00eda de Telecomunicaciones (Subtel) autoriz\u00f3 una solicitud presentada por Starlink, empresa de internet satelital liderada por Elon Musk, due\u00f1o de Tesla y X. Seg\u00fan el escrito, la petici\u00f3n indicaba \u201cinstalar, operar y explotar seis estaciones terrenas (gateways), que se conectar\u00e1n a la constelaci\u00f3n satelital Starlink, en las bandas de frecuencias para el servicio fijo por sat\u00e9lite\u201d.<\/p>\n<p>La solicitud contempla seis ubicaciones que comprendan antenas para poder bajar o recibir y subir o mandar informaci\u00f3n a la constelaci\u00f3n Starlink Leo. As\u00ed, las seis estaciones -todas denominadas Space X- estar\u00e1n en su mayor\u00eda en la Regi\u00f3n Metropolitana, en espec\u00edfico en las comunas de San Bernardo, Pudahuel, Las Condes y Quilicura, as\u00ed como en Cabrero (Biob\u00edo) y Limache (Valpara\u00edso).<\/p>\n<p>De acuerdo a fuentes de la empresa, esta solicitud puede deberse al aumento de conexiones -sobretodo en la Regi\u00f3n Metropolitana- a Starlink. Seg\u00fan los datos del primer trimestre de 2025 de Subtel, un 63,3% de las conexiones a internet fijo por otras tecnolog\u00edas -distintas a la fibra \u00f3ptica- son a trav\u00e9s del internet satelital de Starlink.<\/p>\n<p>Ante la autorizaci\u00f3n del ente regulador y fiscalizador del sector, el plazo para el inicio de obras es de 30 d\u00edas desde la publicaci\u00f3n del decreto. Este, adem\u00e1s, estipula que el t\u00e9rmino de obras debe ser en 22 meses y que el inicio del servicio debe darse en los pr\u00f3ximos 24 meses desde este mi\u00e9rcoles 27 de agosto.<\/p>\n","protected":false},"excerpt":{"rendered":"<p>De acuerdo a lo informado por el Diario Oficial, este mi\u00e9rcoles la Subsecretar\u00eda de Telecomunicaciones (Subtel) autoriz\u00f3 una solicitud presentada por Starlink, empresa de internet satelital liderada por Elon Musk, due\u00f1o de Tesla y X. Seg\u00fan el escrito, la petici\u00f3n indicaba \u201cinstalar, operar y explotar seis estaciones terrenas (gateways), que se conectar\u00e1n a la constelaci\u00f3n [&hellip;]<\/p>\n","protected":false},"author":2,"featured_media":19140,"comment_status":"closed","ping_status":"open","sticky":false,"template":"","format":"standard","meta":{"_jetpack_memberships_contains_paid_content":false,"jnews-multi-image_gallery":[],"jnews_single_post":[],"jnews_primary_category":[],"jnews_social_meta":[],"jnews_paywall_metabox":[],"jnews_review":[],"enable_review":"","type":"","name":"","summary":"","brand":"","sku":"","good":[],"bad":[],"score_override":"","override_value":"","rating":[],"price":[],"jnews_override_counter":[],"jnews_post_split":[],"footnotes":""},"categories":[21],"tags":[],"class_list":["post-19141","post","type-post","status-publish","format-standard","has-post-thumbnail","hentry","category-nacional"],"jetpack_featured_media_url":"https:\/\/laserenaradio.cl\/web\/wp-content\/uploads\/2025\/08\/homepiaiextractoscrapimg_webpStarlinkseissolicitudinternet_1.webp","jetpack_sharing_enabled":true,"_links":{"self":[{"href":"https:\/\/laserenaradio.cl\/web\/wp-json\/wp\/v2\/posts\/19141","targetHints":{"allow":["GET"]}}],"collection":[{"href":"https:\/\/laserenaradio.cl\/web\/wp-json\/wp\/v2\/posts"}],"about":[{"href":"https:\/\/laserenaradio.cl\/web\/wp-json\/wp\/v2\/types\/post"}],"author":[{"embeddable":true,"href":"https:\/\/laserenaradio.cl\/web\/wp-json\/wp\/v2\/users\/2"}],"replies":[{"embeddable":true,"href":"https:\/\/laserenaradio.cl\/web\/wp-json\/wp\/v2\/comments?post=19141"}],"version-history":[{"count":1,"href":"https:\/\/laserenaradio.cl\/web\/wp-json\/wp\/v2\/posts\/19141\/revisions"}],"predecessor-version":[{"id":19142,"href":"https:\/\/laserenaradio.cl\/web\/wp-json\/wp\/v2\/posts\/19141\/revisions\/19142"}],"wp:featuredmedia":[{"embeddable":true,"href":"https:\/\/laserenaradio.cl\/web\/wp-json\/wp\/v2\/media\/19140"}],"wp:attachment":[{"href":"https:\/\/laserenaradio.cl\/web\/wp-json\/wp\/v2\/media?parent=19141"}],"wp:term":[{"taxonomy":"category","embeddable":true,"href":"https:\/\/laserenaradio.cl\/web\/wp-json\/wp\/v2\/categories?post=19141"},{"taxonomy":"post_tag","embeddable":true,"href":"https:\/\/laserenaradio.cl\/web\/wp-json\/wp\/v2\/tags?post=19141"}],"curies":[{"name":"wp","href":"https:\/\/api.w.org\/{rel}","templated":true}]}}