{"id":19138,"date":"2025-08-27T21:23:36","date_gmt":"2025-08-28T00:23:36","guid":{"rendered":"https:\/\/laserenaradio.cl\/web\/?p=19138"},"modified":"2025-08-27T21:23:36","modified_gmt":"2025-08-28T00:23:36","slug":"dos-homicidios-y-balacera-registradas-en-la-pintana","status":"publish","type":"post","link":"https:\/\/laserenaradio.cl\/web\/2025\/08\/27\/dos-homicidios-y-balacera-registradas-en-la-pintana\/","title":{"rendered":"Dos homicidios y balacera registradas en La Pintana"},"content":{"rendered":"<p>La Pintana registr\u00f3 dos homicidios en menos de 12 horas, generando preocupaci\u00f3n entre autoridades comunitarias. Uno de los cr\u00edmenes incluy\u00f3 m\u00e1s de 60 disparos.<\/p>\n<p>El primer incidente ocurri\u00f3 esta ma\u00f1ana cuando un hombre de 32 a\u00f1os fue asesinado frente a una cancha de f\u00fatbol tras una ri\u00f1a con desconocidos, en la intersecci\u00f3n de Avenida Gabriela y Pasaje 10. Seg\u00fan el subcomisario Diego Novoa Soto, detall\u00f3 que alrededor de las 6:30 horas, la v\u00edctima mantuvo una discusi\u00f3n y posterior pelea con el imputado identificado, quien utiliz\u00f3 un arma cortante en una ocasi\u00f3n, causando su muerte. La ri\u00f1a, motivada por celos, escal\u00f3 hasta la agresi\u00f3n letal.<\/p>\n<p>M\u00e1s tarde, otro homicidio se report\u00f3 en la misma comuna durante una balacera que dej\u00f3 a una persona fallecida y dos heridas. El hecho ocurri\u00f3 en la intersecci\u00f3n de Avenida Observatorio con calle Las \u00c1guilas. Vecinos alertaron sobre un veh\u00edculo con impactos bal\u00edsticos en su carrocer\u00eda, presuntamente emboscado por encerrona.<\/p>\n<p><a href=\"https:\/\/www.carabineros.cl\/\">Carabineros<\/a> est\u00e1 desarrollando las primeras diligencias. Hasta el momento, no hay personas detenidas relacionadas con estos incidentes.<\/p>\n<p>El teniente coronel Rodrigo Troncoso, comisario de la 41\u00aa Comisar\u00eda, inform\u00f3 que sujetos descendieron del auto y dispararon entre 60 y 80 veces hacia el interior del veh\u00edculo. El conductor falleci\u00f3 en el lugar, mientras que otras dos personas resultaron heridas con diversas lesiones.<\/p>\n<p>El subprefecto Rodrigo Rodr\u00edguez Trujillo, jefe de la Brigada de Homicidios Sur de la <a href=\"https:\/\/www.pdichile.cl\/\">PDI<\/a>, confirm\u00f3 que las tres v\u00edctimas son chilenas. Los sujetos involucrados tienen antecedentes por drogas.<\/p>\n<p>El alcalde subrogante de La Pintana, Marcelo Santib\u00e1\u00f1ez, llam\u00f3 al Ejecutivo a tomar medidas urgentes e inmediatas para enfrentar estos actos delictuales. Asegur\u00f3 que la alcaldesa ha exigido planes integrales para la comuna.<\/p>\n","protected":false},"excerpt":{"rendered":"<p>La Pintana registr\u00f3 dos homicidios en menos de 12 horas, generando preocupaci\u00f3n entre autoridades comunitarias. Uno de los cr\u00edmenes incluy\u00f3 m\u00e1s de 60 disparos. El primer incidente ocurri\u00f3 esta ma\u00f1ana cuando un hombre de 32 a\u00f1os fue asesinado frente a una cancha de f\u00fatbol tras una ri\u00f1a con desconocidos, en la intersecci\u00f3n de Avenida Gabriela [&hellip;]<\/p>\n","protected":false},"author":2,"featured_media":19137,"comment_status":"closed","ping_status":"open","sticky":false,"template":"","format":"standard","meta":{"_jetpack_memberships_contains_paid_content":false,"jnews-multi-image_gallery":[],"jnews_single_post":[],"jnews_primary_category":[],"jnews_social_meta":[],"jnews_paywall_metabox":[],"jnews_review":[],"enable_review":"","type":"","name":"","summary":"","brand":"","sku":"","good":[],"bad":[],"score_override":"","override_value":"","rating":[],"price":[],"jnews_override_counter":[],"jnews_post_split":[],"footnotes":""},"categories":[21],"tags":[],"class_list":["post-19138","post","type-post","status-publish","format-standard","has-post-thumbnail","hentry","category-nacional"],"jetpack_featured_media_url":"https:\/\/laserenaradio.cl\/web\/wp-content\/uploads\/2025\/08\/homepiaiextractoscrapimg_webphorascomunabalacera_0.webp","jetpack_sharing_enabled":true,"_links":{"self":[{"href":"https:\/\/laserenaradio.cl\/web\/wp-json\/wp\/v2\/posts\/19138","targetHints":{"allow":["GET"]}}],"collection":[{"href":"https:\/\/laserenaradio.cl\/web\/wp-json\/wp\/v2\/posts"}],"about":[{"href":"https:\/\/laserenaradio.cl\/web\/wp-json\/wp\/v2\/types\/post"}],"author":[{"embeddable":true,"href":"https:\/\/laserenaradio.cl\/web\/wp-json\/wp\/v2\/users\/2"}],"replies":[{"embeddable":true,"href":"https:\/\/laserenaradio.cl\/web\/wp-json\/wp\/v2\/comments?post=19138"}],"version-history":[{"count":1,"href":"https:\/\/laserenaradio.cl\/web\/wp-json\/wp\/v2\/posts\/19138\/revisions"}],"predecessor-version":[{"id":19139,"href":"https:\/\/laserenaradio.cl\/web\/wp-json\/wp\/v2\/posts\/19138\/revisions\/19139"}],"wp:featuredmedia":[{"embeddable":true,"href":"https:\/\/laserenaradio.cl\/web\/wp-json\/wp\/v2\/media\/19137"}],"wp:attachment":[{"href":"https:\/\/laserenaradio.cl\/web\/wp-json\/wp\/v2\/media?parent=19138"}],"wp:term":[{"taxonomy":"category","embeddable":true,"href":"https:\/\/laserenaradio.cl\/web\/wp-json\/wp\/v2\/categories?post=19138"},{"taxonomy":"post_tag","embeddable":true,"href":"https:\/\/laserenaradio.cl\/web\/wp-json\/wp\/v2\/tags?post=19138"}],"curies":[{"name":"wp","href":"https:\/\/api.w.org\/{rel}","templated":true}]}}