{"id":19135,"date":"2025-08-27T21:22:04","date_gmt":"2025-08-28T00:22:04","guid":{"rendered":"https:\/\/laserenaradio.cl\/web\/?p=19135"},"modified":"2025-08-27T21:22:04","modified_gmt":"2025-08-28T00:22:04","slug":"mercado-libre-duplicara-capacidad-de-almacenamiento-en-chile-con-nuevo-centro-de-distribucion","status":"publish","type":"post","link":"https:\/\/laserenaradio.cl\/web\/2025\/08\/27\/mercado-libre-duplicara-capacidad-de-almacenamiento-en-chile-con-nuevo-centro-de-distribucion\/","title":{"rendered":"Mercado Libre duplicar\u00e1 capacidad de almacenamiento en Chile con nuevo centro de distribuci\u00f3n."},"content":{"rendered":"<p>En un Espacio Riesco te\u00f1ido de amarillo, Mercado Libre realiz\u00f3 un evento enfocado en e-commerce, instancia en la que anunci\u00f3 que incrementar\u00e1 su apuesta por Chile con la construcci\u00f3n de un segundo centro de distribuci\u00f3n en Colina. La inversi\u00f3n superar\u00e1 los US$ 135 millones y permitir\u00e1 duplicar su capacidad de almacenamiento en el pa\u00eds.<\/p>\n<p>Seg\u00fan explic\u00f3 la empresa argentina, el nuevo centro se emplazar\u00e1 en aproximadamente 100 mil metros cuadrados (m2), que se sumar\u00e1n a las instalaciones ya existentes en la comuna, de 70 mil m2, cuya construcci\u00f3n implic\u00f3 una inversi\u00f3n de US$ 75 millones. La nueva infraestructura comenzar\u00e1 a operar durante el \u00faltimo trimestre de 2026 y ser\u00e1 desarrollada por Megacentro, compa\u00f1\u00eda especializada en renta inmobiliaria industrial.<\/p>\n<p>Desde la firma se\u00f1alaron que este proyecto permitir\u00e1 ofrecer una mayor variedad de productos, con m\u00e1s velocidad y mejor experiencia para los clientes. Adem\u00e1s, estar\u00e1 especialmente enfocado en art\u00edculos de gran tama\u00f1o y de mayor complejidad log\u00edstica. En la instancia tambi\u00e9n se anunci\u00f3 la apertura del primer centro de almacenamiento y distribuci\u00f3n regional en Concepci\u00f3n, que permitir\u00e1 ofrecer env\u00edos en el mismo d\u00eda para la capital del Biob\u00edo y sus alrededores.<\/p>\n<p>En este caso, la compa\u00f1\u00eda transformar\u00e1 una estaci\u00f3n de \u00faltima milla de 4 mil m2 -espacio donde actualmente se consolidan los envios para su distribuci\u00f3n final- en una bodega, cuya apertura est\u00e1 programada para el pr\u00f3ximo mes. \u201cChile necesita crecer, y nosotros confiamos en el futuro del pa\u00eds. Eso requiere nuevas capacidades e instalaciones para seguir en esa senda. Es por eso que estamos anunciando la construcci\u00f3n de este nuevo centro de almacenamiento y distribuci\u00f3n para e-commerce, que generar\u00e1 m\u00e1s de 600 puestos de trabajo\u201d, dijo el vicepresidente de Pa\u00edses Andinos de Mercado Libre, y quien lidera la empresa en Chile, Alan Meyer.<\/p>\n<p>Por su parte, el vicepresidente senior de env\u00edos de la compa\u00f1\u00eda, Agust\u00edn Costa, destac\u00f3 que la firma sigue apostando fuerte por Chile. \u201cCon esta inversi\u00f3n no solo seguiremos fortalendo la eficiencia, la amplitud de selecci\u00f3n de productos y la entrega para nuestros usuarios, sino que tambi\u00e9n potenciamos el crecimiento de los miles de vendedores\u201d, afirm\u00f3.<\/p>\n<p>La inversi\u00f3n revelada este mi\u00e9rcoles se suma a los US$ 550 millones anunciados en abril de este a\u00f1o en una actividad junto al Presidente Gabriel Boric. Esa cifra est\u00e1 destinada a robustecer diversos frentes, como plataformas tecnol\u00f3gicas, red log\u00edstica, herramientas financieras como Mercado Pago y, especialmente, la atracci\u00f3n de talento local. La expectativa es generar m\u00e1s de 900 empleos formales.<\/p>\n<p>Sobre nuevas inversiones, Meyer asegur\u00f3 que la compa\u00f1\u00eda analiza de manera permanente posibles ubicaciones para instalar otros centros de distribuci\u00f3n. \u201cTodo depende de c\u00f3mo evoluciona la demanda. Cuando detectamos que en una ciudad existe el volumen suficiente, evaluamos posicionar stock en esa zona y ampliar gradualmente nuestras operaciones\u201d, concluy\u00f3.<\/p>\n","protected":false},"excerpt":{"rendered":"<p>En un Espacio Riesco te\u00f1ido de amarillo, Mercado Libre realiz\u00f3 un evento enfocado en e-commerce, instancia en la que anunci\u00f3 que incrementar\u00e1 su apuesta por Chile con la construcci\u00f3n de un segundo centro de distribuci\u00f3n en Colina. La inversi\u00f3n superar\u00e1 los US$ 135 millones y permitir\u00e1 duplicar su capacidad de almacenamiento en el pa\u00eds. Seg\u00fan [&hellip;]<\/p>\n","protected":false},"author":2,"featured_media":19134,"comment_status":"closed","ping_status":"open","sticky":false,"template":"","format":"standard","meta":{"_jetpack_memberships_contains_paid_content":false,"jnews-multi-image_gallery":[],"jnews_single_post":[],"jnews_primary_category":[],"jnews_social_meta":[],"jnews_paywall_metabox":[],"jnews_review":[],"enable_review":"","type":"","name":"","summary":"","brand":"","sku":"","good":[],"bad":[],"score_override":"","override_value":"","rating":[],"price":[],"jnews_override_counter":[],"jnews_post_split":[],"footnotes":""},"categories":[85],"tags":[],"class_list":["post-19135","post","type-post","status-publish","format-standard","has-post-thumbnail","hentry","category-economia"],"jetpack_featured_media_url":"https:\/\/laserenaradio.cl\/web\/wp-content\/uploads\/2025\/08\/homepiaiextractoscrapimg_webpChilecentroalmacenamientoMercadoLibre_1.webp","jetpack_sharing_enabled":true,"_links":{"self":[{"href":"https:\/\/laserenaradio.cl\/web\/wp-json\/wp\/v2\/posts\/19135","targetHints":{"allow":["GET"]}}],"collection":[{"href":"https:\/\/laserenaradio.cl\/web\/wp-json\/wp\/v2\/posts"}],"about":[{"href":"https:\/\/laserenaradio.cl\/web\/wp-json\/wp\/v2\/types\/post"}],"author":[{"embeddable":true,"href":"https:\/\/laserenaradio.cl\/web\/wp-json\/wp\/v2\/users\/2"}],"replies":[{"embeddable":true,"href":"https:\/\/laserenaradio.cl\/web\/wp-json\/wp\/v2\/comments?post=19135"}],"version-history":[{"count":1,"href":"https:\/\/laserenaradio.cl\/web\/wp-json\/wp\/v2\/posts\/19135\/revisions"}],"predecessor-version":[{"id":19136,"href":"https:\/\/laserenaradio.cl\/web\/wp-json\/wp\/v2\/posts\/19135\/revisions\/19136"}],"wp:featuredmedia":[{"embeddable":true,"href":"https:\/\/laserenaradio.cl\/web\/wp-json\/wp\/v2\/media\/19134"}],"wp:attachment":[{"href":"https:\/\/laserenaradio.cl\/web\/wp-json\/wp\/v2\/media?parent=19135"}],"wp:term":[{"taxonomy":"category","embeddable":true,"href":"https:\/\/laserenaradio.cl\/web\/wp-json\/wp\/v2\/categories?post=19135"},{"taxonomy":"post_tag","embeddable":true,"href":"https:\/\/laserenaradio.cl\/web\/wp-json\/wp\/v2\/tags?post=19135"}],"curies":[{"name":"wp","href":"https:\/\/api.w.org\/{rel}","templated":true}]}}