{"id":19132,"date":"2025-08-27T20:08:13","date_gmt":"2025-08-27T23:08:13","guid":{"rendered":"https:\/\/laserenaradio.cl\/web\/?p=19132"},"modified":"2025-08-27T20:08:13","modified_gmt":"2025-08-27T23:08:13","slug":"el-presidente-de-independiente-critica-los-incidentes-en-el-duelo-contra-la-u","status":"publish","type":"post","link":"https:\/\/laserenaradio.cl\/web\/2025\/08\/27\/el-presidente-de-independiente-critica-los-incidentes-en-el-duelo-contra-la-u\/","title":{"rendered":"El presidente de Independiente critica los incidentes en el duelo contra La U"},"content":{"rendered":"<p>El presidente de Independiente de Avellaneda, N\u00e9stor Grindetti, llam\u00f3 a calmar los \u00e1nimos tras los incidentes en Libertadores de Am\u00e9rica durante la Copa Sudamericana ante La U. Grindetti afirm\u00f3 ser v\u00edctima junto a su familia de amenazas provenientes de Chile.<\/p>\n<p>\u201cLa verdad que es un grado de locura que estamos llegando que no se justifica de ninguna forma\u201d, expres\u00f3 el dirigente.<\/p>\n<p>Adem\u00e1s, solicit\u00f3 que \u201cesto hay que dejar ahora que opine la Conmebol, en lo deportivo. Que la justicia siga buscando a los barras estos, los meta en cana y mirar para adelante. Aprender de esto\u201d. <\/p>\n<p>En cuanto a su defensa ante Conmebol, Grindetti indic\u00f3 que \u201cnosotros ya hicimos el descargo y viene una instancia de especie de alegatos, que nosotros hemos pedido que sea con presencia f\u00edsica. Lo que me dicen es que el fallo deber\u00eda ocurrir a principios de la semana que viene\u201d.<\/p>\n<p>En cuanto a su escrito, expres\u00f3 que \u201ccuando uno lee todo, la verdad es que habr\u00eda que darle los puntos a Independiente\u201d. <\/p>\n<p>\u201cIndependiente deber\u00eda pasar, claramente. El que inicia desde antes de empezar el partido los incidentes es la hinchada de La U, y por eso motivo es que el partido se cancela\u201d, agreg\u00f3.<\/p>\n<p>\u201cEs tan claro, seg\u00fan lo que me dicen los abogados, que las normas dicen que el que empieza el l\u00edo tiene que ser castigado, que en mi opini\u00f3n es que Universidad de Chile deber\u00eda perder los puntos\u201d, acot\u00f3.<\/p>\n<p>Finalmente, N\u00e9stor Grindetti remarc\u00f3 que \u201cno quiero eludir mi responsabilidad, pero hay un punto que cuesta aceptar que Independiente tenga que pedir disculpas. Yo tengo 65 a\u00f1os y nunca vi algo as\u00ed\u201d.<\/p>\n","protected":false},"excerpt":{"rendered":"<p>El presidente de Independiente de Avellaneda, N\u00e9stor Grindetti, llam\u00f3 a calmar los \u00e1nimos tras los incidentes en Libertadores de Am\u00e9rica durante la Copa Sudamericana ante La U. Grindetti afirm\u00f3 ser v\u00edctima junto a su familia de amenazas provenientes de Chile. \u201cLa verdad que es un grado de locura que estamos llegando que no se justifica [&hellip;]<\/p>\n","protected":false},"author":2,"featured_media":19131,"comment_status":"closed","ping_status":"open","sticky":false,"template":"","format":"standard","meta":{"_jetpack_memberships_contains_paid_content":false,"jnews-multi-image_gallery":[],"jnews_single_post":[],"jnews_primary_category":[],"jnews_social_meta":[],"jnews_paywall_metabox":[],"jnews_review":[],"enable_review":"","type":"","name":"","summary":"","brand":"","sku":"","good":[],"bad":[],"score_override":"","override_value":"","rating":[],"price":[],"jnews_override_counter":[],"jnews_post_split":[],"footnotes":""},"categories":[84],"tags":[],"class_list":["post-19132","post","type-post","status-publish","format-standard","has-post-thumbnail","hentry","category-deportes"],"jetpack_featured_media_url":"https:\/\/laserenaradio.cl\/web\/wp-content\/uploads\/2025\/08\/homepiaiextractoscrapimg_webpGrindettiincidentesdicen_0.webp","jetpack_sharing_enabled":true,"_links":{"self":[{"href":"https:\/\/laserenaradio.cl\/web\/wp-json\/wp\/v2\/posts\/19132","targetHints":{"allow":["GET"]}}],"collection":[{"href":"https:\/\/laserenaradio.cl\/web\/wp-json\/wp\/v2\/posts"}],"about":[{"href":"https:\/\/laserenaradio.cl\/web\/wp-json\/wp\/v2\/types\/post"}],"author":[{"embeddable":true,"href":"https:\/\/laserenaradio.cl\/web\/wp-json\/wp\/v2\/users\/2"}],"replies":[{"embeddable":true,"href":"https:\/\/laserenaradio.cl\/web\/wp-json\/wp\/v2\/comments?post=19132"}],"version-history":[{"count":1,"href":"https:\/\/laserenaradio.cl\/web\/wp-json\/wp\/v2\/posts\/19132\/revisions"}],"predecessor-version":[{"id":19133,"href":"https:\/\/laserenaradio.cl\/web\/wp-json\/wp\/v2\/posts\/19132\/revisions\/19133"}],"wp:featuredmedia":[{"embeddable":true,"href":"https:\/\/laserenaradio.cl\/web\/wp-json\/wp\/v2\/media\/19131"}],"wp:attachment":[{"href":"https:\/\/laserenaradio.cl\/web\/wp-json\/wp\/v2\/media?parent=19132"}],"wp:term":[{"taxonomy":"category","embeddable":true,"href":"https:\/\/laserenaradio.cl\/web\/wp-json\/wp\/v2\/categories?post=19132"},{"taxonomy":"post_tag","embeddable":true,"href":"https:\/\/laserenaradio.cl\/web\/wp-json\/wp\/v2\/tags?post=19132"}],"curies":[{"name":"wp","href":"https:\/\/api.w.org\/{rel}","templated":true}]}}