{"id":19117,"date":"2025-08-26T13:52:01","date_gmt":"2025-08-26T16:52:01","guid":{"rendered":"https:\/\/laserenaradio.cl\/web\/?p=19117"},"modified":"2025-08-26T13:52:01","modified_gmt":"2025-08-26T16:52:01","slug":"andres-velasco-afirma-que-la-economia-se-fue-al-carajo-debido-a-problemas-politicos","status":"publish","type":"post","link":"https:\/\/laserenaradio.cl\/web\/2025\/08\/26\/andres-velasco-afirma-que-la-economia-se-fue-al-carajo-debido-a-problemas-politicos\/","title":{"rendered":"Andr\u00e9s Velasco afirma que &#8220;la econom\u00eda se fue al carajo&#8221; debido a problemas pol\u00edticos"},"content":{"rendered":"<p>Andr\u00e9s Velasco, exministro de Hacienda y actual decano de la Escuela de Pol\u00edticas P\u00fablicas de London School of Economics, particip\u00f3 del encuentro &#8220;La Econom\u00eda del Futuro&#8221; organizado por BancoEstado. En su intervenci\u00f3n, analiz\u00f3 el escenario econ\u00f3mico local y global.<\/p>\n<p>A su juicio, la econom\u00eda chilena &#8220;se fue al carajo&#8221; debido a factores pol\u00edticos. Sin una reforma en el sistema pol\u00edtico, las soluciones a los problemas econ\u00f3micos &#8220;valen hongo&#8221;, expres\u00f3.<\/p>\n<p>Velasco record\u00f3 que durante la d\u00e9cada de 1990, Chile pas\u00f3 de una pol\u00edtica basada en el conflicto a una virtuosa y colaborativa, lo que permiti\u00f3 un crecimiento sostenido del 7%. Sin embargo, actualmente, la l\u00f3gica pol\u00edtico-econ\u00f3mica ha cambiado. Seg\u00fan Velasco, los diputados se preocupan m\u00e1s por las redes sociales y la televisi\u00f3n que por el desarrollo econ\u00f3mico.<\/p>\n<p>Para fortalecer la econom\u00eda chilena, Velasco sugiere un proyecto com\u00fan. Se\u00f1al\u00f3 que Chile tiene una gran oportunidad en materia de energ\u00eda limpia, lo cual podr\u00eda movilizar tanto a los mayores como a los j\u00f3venes. <\/p>\n<p>Adem\u00e1s, advirti\u00f3 sobre amenazas como la delincuencia y la violencia, las cuales podr\u00edan unir a las fuerzas pol\u00edticas si se considera que superarlas requiere cooperaci\u00f3n.<\/p>\n<p>Finalmente, Velasco anunci\u00f3 que profundizar\u00e1 sus postulados en su pr\u00f3ximo libro, programado para el mes de octubre.<\/p>\n","protected":false},"excerpt":{"rendered":"<p>Andr\u00e9s Velasco, exministro de Hacienda y actual decano de la Escuela de Pol\u00edticas P\u00fablicas de London School of Economics, particip\u00f3 del encuentro &#8220;La Econom\u00eda del Futuro&#8221; organizado por BancoEstado. En su intervenci\u00f3n, analiz\u00f3 el escenario econ\u00f3mico local y global. A su juicio, la econom\u00eda chilena &#8220;se fue al carajo&#8221; debido a factores pol\u00edticos. Sin una [&hellip;]<\/p>\n","protected":false},"author":2,"featured_media":19116,"comment_status":"closed","ping_status":"open","sticky":false,"template":"","format":"standard","meta":{"_jetpack_memberships_contains_paid_content":false,"jnews-multi-image_gallery":[],"jnews_single_post":[],"jnews_primary_category":[],"jnews_social_meta":[],"jnews_paywall_metabox":[],"jnews_review":[],"enable_review":"","type":"","name":"","summary":"","brand":"","sku":"","good":[],"bad":[],"score_override":"","override_value":"","rating":[],"price":[],"jnews_override_counter":[],"jnews_post_split":[],"footnotes":""},"categories":[85],"tags":[],"class_list":["post-19117","post","type-post","status-publish","format-standard","has-post-thumbnail","hentry","category-economia"],"jetpack_featured_media_url":"https:\/\/laserenaradio.cl\/web\/wp-content\/uploads\/2025\/08\/homepiaiextractoscrapimg_webpAndresVelasco_1.webp","jetpack_sharing_enabled":true,"_links":{"self":[{"href":"https:\/\/laserenaradio.cl\/web\/wp-json\/wp\/v2\/posts\/19117","targetHints":{"allow":["GET"]}}],"collection":[{"href":"https:\/\/laserenaradio.cl\/web\/wp-json\/wp\/v2\/posts"}],"about":[{"href":"https:\/\/laserenaradio.cl\/web\/wp-json\/wp\/v2\/types\/post"}],"author":[{"embeddable":true,"href":"https:\/\/laserenaradio.cl\/web\/wp-json\/wp\/v2\/users\/2"}],"replies":[{"embeddable":true,"href":"https:\/\/laserenaradio.cl\/web\/wp-json\/wp\/v2\/comments?post=19117"}],"version-history":[{"count":1,"href":"https:\/\/laserenaradio.cl\/web\/wp-json\/wp\/v2\/posts\/19117\/revisions"}],"predecessor-version":[{"id":19118,"href":"https:\/\/laserenaradio.cl\/web\/wp-json\/wp\/v2\/posts\/19117\/revisions\/19118"}],"wp:featuredmedia":[{"embeddable":true,"href":"https:\/\/laserenaradio.cl\/web\/wp-json\/wp\/v2\/media\/19116"}],"wp:attachment":[{"href":"https:\/\/laserenaradio.cl\/web\/wp-json\/wp\/v2\/media?parent=19117"}],"wp:term":[{"taxonomy":"category","embeddable":true,"href":"https:\/\/laserenaradio.cl\/web\/wp-json\/wp\/v2\/categories?post=19117"},{"taxonomy":"post_tag","embeddable":true,"href":"https:\/\/laserenaradio.cl\/web\/wp-json\/wp\/v2\/tags?post=19117"}],"curies":[{"name":"wp","href":"https:\/\/api.w.org\/{rel}","templated":true}]}}