{"id":19114,"date":"2025-08-26T13:41:52","date_gmt":"2025-08-26T16:41:52","guid":{"rendered":"https:\/\/laserenaradio.cl\/web\/?p=19114"},"modified":"2025-08-26T13:41:52","modified_gmt":"2025-08-26T16:41:52","slug":"periodista-argentino-critica-abiertamente-a-jugadores-chilenos-de-independiente","status":"publish","type":"post","link":"https:\/\/laserenaradio.cl\/web\/2025\/08\/26\/periodista-argentino-critica-abiertamente-a-jugadores-chilenos-de-independiente\/","title":{"rendered":"Periodista argentino critica abiertamente a jugadores chilenos de Independiente."},"content":{"rendered":"<p>El periodista argentino Lucas Arzeno realiz\u00f3 en las \u00faltimas horas explosivas declaraciones, tras analizar la barbarie ocurrida en el estadio Libertadores de Am\u00e9rica con el ataque de barristas de Independiente a un grupo de hinchas de La U. Sus palabras, emitidas en el programa Infierno Rojo que se transmite por YouTube, generaron un amplio debate en redes sociales y dividieron a los aficionados del club de Avellaneda.<\/p>\n<p>Arzeno no se guard\u00f3 nada al referirse a la presencia de jugadores chilenos en el equipo, en especial tras la tensi\u00f3n que se vive en torno al \u2018Rey de Copas\u2019 y su entorno. Y en uno de los pasajes m\u00e1s pol\u00e9micos de su intervenci\u00f3n, el profesional fue m\u00e1s all\u00e1 al declarar abiertamente su rechazo hacia los futbolistas nacionales, sin distinguir su rendimiento o compromiso con la instituci\u00f3n.<\/p>\n<p>&#8220;Y la verdad, aunque esto suene feo, sacando a estos jugadores Galdames y Loyola que uno les tom\u00f3 cari\u00f1o, si fuera por m\u00ed no quiero ver nunca m\u00e1s un chileno en Independiente&#8221;, dispar\u00f3. &#8220;S\u00e9 que est\u00e1 mal lo que digo, pero a m\u00ed no me simpatizan, a los chilenos y los ingleses d\u00e9jamelos lejos\u2026 Los iniciadores fueron los (hinchas) chilenos desde el minuto 1&#8221;, complement\u00f3.<\/p>\n<p>Arzeno tambi\u00e9n se refiri\u00f3 a Emily Mu\u00f1oz, jugadora chilena de futsal que decidi\u00f3 dejar Independiente tras la tragedia ocurrida en el recinto del \u2018Rojo\u2019. Sin empat\u00eda, el periodista fue tajante. &#8220;Despu\u00e9s hay una jugadora chilena del futsal femenino (que) dio un paso al costado por esto que pas\u00f3, pues es hincha de La U. Que se vaya, nadie la detiene&#8221;, lanz\u00f3.<\/p>\n<p>&#8220;Esto no es vendida de humo, es una realidad. As\u00ed es que la chilena del futsal que se vaya a jugar a Chile o donde sea&#8221;, cerr\u00f3 el comunicador, quien apunt\u00f3 que &#8220;ambos equipos deber\u00edan ser descalificados&#8221;.<\/p>\n","protected":false},"excerpt":{"rendered":"<p>El periodista argentino Lucas Arzeno realiz\u00f3 en las \u00faltimas horas explosivas declaraciones, tras analizar la barbarie ocurrida en el estadio Libertadores de Am\u00e9rica con el ataque de barristas de Independiente a un grupo de hinchas de La U. Sus palabras, emitidas en el programa Infierno Rojo que se transmite por YouTube, generaron un amplio debate [&hellip;]<\/p>\n","protected":false},"author":2,"featured_media":19113,"comment_status":"closed","ping_status":"open","sticky":false,"template":"","format":"standard","meta":{"_jetpack_memberships_contains_paid_content":false,"jnews-multi-image_gallery":[],"jnews_single_post":[],"jnews_primary_category":[],"jnews_social_meta":[],"jnews_paywall_metabox":[],"jnews_review":[],"enable_review":"","type":"","name":"","summary":"","brand":"","sku":"","good":[],"bad":[],"score_override":"","override_value":"","rating":[],"price":[],"jnews_override_counter":[],"jnews_post_split":[],"footnotes":""},"categories":[84],"tags":[],"class_list":["post-19114","post","type-post","status-publish","format-standard","has-post-thumbnail","hentry","category-deportes"],"jetpack_featured_media_url":"https:\/\/laserenaradio.cl\/web\/wp-content\/uploads\/2025\/08\/homepiaiextractoscrapimg_webpPeriodistaIndependiente_1.webp","jetpack_sharing_enabled":true,"_links":{"self":[{"href":"https:\/\/laserenaradio.cl\/web\/wp-json\/wp\/v2\/posts\/19114","targetHints":{"allow":["GET"]}}],"collection":[{"href":"https:\/\/laserenaradio.cl\/web\/wp-json\/wp\/v2\/posts"}],"about":[{"href":"https:\/\/laserenaradio.cl\/web\/wp-json\/wp\/v2\/types\/post"}],"author":[{"embeddable":true,"href":"https:\/\/laserenaradio.cl\/web\/wp-json\/wp\/v2\/users\/2"}],"replies":[{"embeddable":true,"href":"https:\/\/laserenaradio.cl\/web\/wp-json\/wp\/v2\/comments?post=19114"}],"version-history":[{"count":1,"href":"https:\/\/laserenaradio.cl\/web\/wp-json\/wp\/v2\/posts\/19114\/revisions"}],"predecessor-version":[{"id":19115,"href":"https:\/\/laserenaradio.cl\/web\/wp-json\/wp\/v2\/posts\/19114\/revisions\/19115"}],"wp:featuredmedia":[{"embeddable":true,"href":"https:\/\/laserenaradio.cl\/web\/wp-json\/wp\/v2\/media\/19113"}],"wp:attachment":[{"href":"https:\/\/laserenaradio.cl\/web\/wp-json\/wp\/v2\/media?parent=19114"}],"wp:term":[{"taxonomy":"category","embeddable":true,"href":"https:\/\/laserenaradio.cl\/web\/wp-json\/wp\/v2\/categories?post=19114"},{"taxonomy":"post_tag","embeddable":true,"href":"https:\/\/laserenaradio.cl\/web\/wp-json\/wp\/v2\/tags?post=19114"}],"curies":[{"name":"wp","href":"https:\/\/api.w.org\/{rel}","templated":true}]}}