{"id":19096,"date":"2025-08-26T09:38:35","date_gmt":"2025-08-26T12:38:35","guid":{"rendered":"https:\/\/laserenaradio.cl\/web\/?p=19096"},"modified":"2025-08-26T09:38:35","modified_gmt":"2025-08-26T12:38:35","slug":"se-preve-retomar-la-conectividad-total-en-la-carretera-austral","status":"publish","type":"post","link":"https:\/\/laserenaradio.cl\/web\/2025\/08\/26\/se-preve-retomar-la-conectividad-total-en-la-carretera-austral\/","title":{"rendered":"Se prev\u00e9 retomar la conectividad total en la Carretera Austral."},"content":{"rendered":"<p>Este martes se espera retomar la conectividad total en la Carretera Austral, que fue afectada por cuatro cortes debido a las intensas lluvias del pasado fin de semana. Los deslizamientos y removimientos masivos en distintos sectores de dicha carretera provocaron serios problemas.<\/p>\n<p>Entre ellos, destaca el ocurrido en Caleta Gonzalo en Chait\u00e9n, donde se increment\u00f3 el caudal del r\u00edo, destruyendo el puente Don Bache. Tambi\u00e9n hubo removimientos masivos en la v\u00eda Puelo-Puelche y en la ruta costera de Hualaihu\u00e9, debido a la intensidad de la corriente.<\/p>\n<p>Sin embargo, se logr\u00f3 habilitar una pista para retomar el tr\u00e1nsito en el corte del sector Chaicas, al comienzo de la Carretera Austral. Adem\u00e1s, Puelo-Puelche tambi\u00e9n fue reabierto tras evacuar a cinco personas por prevenci\u00f3n.<\/p>\n<p>Asimismo, el director de Vialidad en la regi\u00f3n de Los Lagos, Jorge Loncomilla, se refiri\u00f3 a los factores pendientes para despejar la ruta 7 en su totalidad. Se espera que esta jornada se logre retomar en su totalidad la conectividad del camino m\u00e1s tur\u00edstico de la zona sur de Chile, el cual une Puerto Montt con Villa O&#8217;Higgins.<\/p>\n","protected":false},"excerpt":{"rendered":"<p>Este martes se espera retomar la conectividad total en la Carretera Austral, que fue afectada por cuatro cortes debido a las intensas lluvias del pasado fin de semana. Los deslizamientos y removimientos masivos en distintos sectores de dicha carretera provocaron serios problemas. Entre ellos, destaca el ocurrido en Caleta Gonzalo en Chait\u00e9n, donde se increment\u00f3 [&hellip;]<\/p>\n","protected":false},"author":2,"featured_media":19095,"comment_status":"closed","ping_status":"open","sticky":false,"template":"","format":"standard","meta":{"_jetpack_memberships_contains_paid_content":false,"jnews-multi-image_gallery":[],"jnews_single_post":[],"jnews_primary_category":[],"jnews_social_meta":[],"jnews_paywall_metabox":[],"jnews_review":[],"enable_review":"","type":"","name":"","summary":"","brand":"","sku":"","good":[],"bad":[],"score_override":"","override_value":"","rating":[],"price":[],"jnews_override_counter":[],"jnews_post_split":[],"footnotes":""},"categories":[21],"tags":[],"class_list":["post-19096","post","type-post","status-publish","format-standard","has-post-thumbnail","hentry","category-nacional"],"jetpack_featured_media_url":"https:\/\/laserenaradio.cl\/web\/wp-content\/uploads\/2025\/08\/homepiaiextractoscrapimg_webpretomarconectividadCarreteraAustralespera_0.webp","jetpack_sharing_enabled":true,"_links":{"self":[{"href":"https:\/\/laserenaradio.cl\/web\/wp-json\/wp\/v2\/posts\/19096","targetHints":{"allow":["GET"]}}],"collection":[{"href":"https:\/\/laserenaradio.cl\/web\/wp-json\/wp\/v2\/posts"}],"about":[{"href":"https:\/\/laserenaradio.cl\/web\/wp-json\/wp\/v2\/types\/post"}],"author":[{"embeddable":true,"href":"https:\/\/laserenaradio.cl\/web\/wp-json\/wp\/v2\/users\/2"}],"replies":[{"embeddable":true,"href":"https:\/\/laserenaradio.cl\/web\/wp-json\/wp\/v2\/comments?post=19096"}],"version-history":[{"count":1,"href":"https:\/\/laserenaradio.cl\/web\/wp-json\/wp\/v2\/posts\/19096\/revisions"}],"predecessor-version":[{"id":19097,"href":"https:\/\/laserenaradio.cl\/web\/wp-json\/wp\/v2\/posts\/19096\/revisions\/19097"}],"wp:featuredmedia":[{"embeddable":true,"href":"https:\/\/laserenaradio.cl\/web\/wp-json\/wp\/v2\/media\/19095"}],"wp:attachment":[{"href":"https:\/\/laserenaradio.cl\/web\/wp-json\/wp\/v2\/media?parent=19096"}],"wp:term":[{"taxonomy":"category","embeddable":true,"href":"https:\/\/laserenaradio.cl\/web\/wp-json\/wp\/v2\/categories?post=19096"},{"taxonomy":"post_tag","embeddable":true,"href":"https:\/\/laserenaradio.cl\/web\/wp-json\/wp\/v2\/tags?post=19096"}],"curies":[{"name":"wp","href":"https:\/\/api.w.org\/{rel}","templated":true}]}}