{"id":19081,"date":"2025-08-25T23:03:36","date_gmt":"2025-08-26T02:03:36","guid":{"rendered":"https:\/\/laserenaradio.cl\/web\/?p=19081"},"modified":"2025-08-25T23:03:36","modified_gmt":"2025-08-26T02:03:36","slug":"ejecutivo-presentara-querella-por-ataque-armado-en-la-araucania","status":"publish","type":"post","link":"https:\/\/laserenaradio.cl\/web\/2025\/08\/25\/ejecutivo-presentara-querella-por-ataque-armado-en-la-araucania\/","title":{"rendered":"Ejecutivo presentar\u00e1 querella por ataque armado en La Araucan\u00eda."},"content":{"rendered":"<p>El ministro de Seguridad P\u00fablica, Luis Cordero, confirm\u00f3 la presentaci\u00f3n de una querella por asociaci\u00f3n criminal y homicidio calificado tras el ataque armado a dos trabajadores en Victoria, La Araucan\u00eda. Este lunes, Cordero sostuvo una reuni\u00f3n con Francisco Ruiz-Tagle, gerente general de CMPC, en las dependencias del Ministerio de Seguridad.<\/p>\n<p>La acci\u00f3n legal se basa en la investigaci\u00f3n en curso, que podr\u00eda tipificar los delitos como terroristas. El ministro indic\u00f3 que el di\u00e1logo se centr\u00f3 en mejorar las condiciones de seguridad en la Macrozona Sur y reforzar la presencia policial en zonas cr\u00edticas.<\/p>\n<p>CMPC expres\u00f3 su \u201cprofunda preocupaci\u00f3n\u201d por los hechos violentos ocurridos durante el fin de semana, especialmente tras la muerte del trabajador Manuel Le\u00f3n Urra y la gravedad del herido C\u00e9sar Osorio Inostroza. Ruiz-Tagle destac\u00f3 que se acord\u00f3 agilizar la investigaci\u00f3n criminal y priorizar la seguridad en la zona.<\/p>\n<p>Adem\u00e1s del aumento de patrullajes, el di\u00e1logo incluy\u00f3 medidas para proteger a los trabajadores. El gerente general de CMPC reiter\u00f3 que el Estado es responsable de proporcionar seguridad, aunque reconoci\u00f3 l\u00edmites en sus propias medidas preventivas. Ambas partes quedaron satisfechos con la reuni\u00f3n y se comprometieron a trabajar juntos para resolver esta tragedia.<\/p>\n","protected":false},"excerpt":{"rendered":"<p>El ministro de Seguridad P\u00fablica, Luis Cordero, confirm\u00f3 la presentaci\u00f3n de una querella por asociaci\u00f3n criminal y homicidio calificado tras el ataque armado a dos trabajadores en Victoria, La Araucan\u00eda. Este lunes, Cordero sostuvo una reuni\u00f3n con Francisco Ruiz-Tagle, gerente general de CMPC, en las dependencias del Ministerio de Seguridad. La acci\u00f3n legal se basa [&hellip;]<\/p>\n","protected":false},"author":2,"featured_media":19080,"comment_status":"closed","ping_status":"open","sticky":false,"template":"","format":"standard","meta":{"_jetpack_memberships_contains_paid_content":false,"jnews-multi-image_gallery":[],"jnews_single_post":[],"jnews_primary_category":[],"jnews_social_meta":[],"jnews_paywall_metabox":[],"jnews_review":[],"enable_review":"","type":"","name":"","summary":"","brand":"","sku":"","good":[],"bad":[],"score_override":"","override_value":"","rating":[],"price":[],"jnews_override_counter":[],"jnews_post_split":[],"footnotes":""},"categories":[21],"tags":[],"class_list":["post-19081","post","type-post","status-publish","format-standard","has-post-thumbnail","hentry","category-nacional"],"jetpack_featured_media_url":"https:\/\/laserenaradio.cl\/web\/wp-content\/uploads\/2025\/08\/homepiaiextractoscrapimg_predeterminadalaserenaradio_nacional-34.webp","jetpack_sharing_enabled":true,"_links":{"self":[{"href":"https:\/\/laserenaradio.cl\/web\/wp-json\/wp\/v2\/posts\/19081","targetHints":{"allow":["GET"]}}],"collection":[{"href":"https:\/\/laserenaradio.cl\/web\/wp-json\/wp\/v2\/posts"}],"about":[{"href":"https:\/\/laserenaradio.cl\/web\/wp-json\/wp\/v2\/types\/post"}],"author":[{"embeddable":true,"href":"https:\/\/laserenaradio.cl\/web\/wp-json\/wp\/v2\/users\/2"}],"replies":[{"embeddable":true,"href":"https:\/\/laserenaradio.cl\/web\/wp-json\/wp\/v2\/comments?post=19081"}],"version-history":[{"count":1,"href":"https:\/\/laserenaradio.cl\/web\/wp-json\/wp\/v2\/posts\/19081\/revisions"}],"predecessor-version":[{"id":19082,"href":"https:\/\/laserenaradio.cl\/web\/wp-json\/wp\/v2\/posts\/19081\/revisions\/19082"}],"wp:featuredmedia":[{"embeddable":true,"href":"https:\/\/laserenaradio.cl\/web\/wp-json\/wp\/v2\/media\/19080"}],"wp:attachment":[{"href":"https:\/\/laserenaradio.cl\/web\/wp-json\/wp\/v2\/media?parent=19081"}],"wp:term":[{"taxonomy":"category","embeddable":true,"href":"https:\/\/laserenaradio.cl\/web\/wp-json\/wp\/v2\/categories?post=19081"},{"taxonomy":"post_tag","embeddable":true,"href":"https:\/\/laserenaradio.cl\/web\/wp-json\/wp\/v2\/tags?post=19081"}],"curies":[{"name":"wp","href":"https:\/\/api.w.org\/{rel}","templated":true}]}}