{"id":19072,"date":"2025-08-24T19:16:02","date_gmt":"2025-08-24T22:16:02","guid":{"rendered":"https:\/\/laserenaradio.cl\/web\/?p=19072"},"modified":"2025-08-24T19:16:02","modified_gmt":"2025-08-24T22:16:02","slug":"multigremial-de-la-araucania-pide-aplicacion-de-ley-antiterrorista-tras-ataque-armado","status":"publish","type":"post","link":"https:\/\/laserenaradio.cl\/web\/2025\/08\/24\/multigremial-de-la-araucania-pide-aplicacion-de-ley-antiterrorista-tras-ataque-armado\/","title":{"rendered":"Multigremial de La Araucan\u00eda pide aplicaci\u00f3n de Ley Antiterrorista tras ataque armado."},"content":{"rendered":"<p>Tras el ataque armado en Victoria, regi\u00f3n de la Araucan\u00eda, que dej\u00f3 a una persona fallecida y a otra herida de gravedad, la Multigremial de La Araucan\u00eda llam\u00f3 al Ejecutivo a invocar la Ley Antiterrorista. Patricio Santib\u00e1\u00f1ez, presidente de la asociaci\u00f3n, entreg\u00f3 en primer lugar las condolencias a la familia y amigos de Manuel Le\u00f3n Urra, guardia de CMPC de 60 a\u00f1os que muri\u00f3 tras el violento incidente.<\/p>\n<p>Con ello, y seg\u00fan constato Radio B\u00edo B\u00edo, Santib\u00e1\u00f1ez llam\u00f3 al Gobierno a aplicar la Ley Antiterrorista en este caso. Indicando que no se ha hecho uso de esta normativa en otros hechos ocurridos, agreg\u00f3 que, en la misma l\u00ednea, no existen muchas querellas en curso.<\/p>\n<p>El presidente de la Multigremial de La Araucan\u00eda enfatiz\u00f3 en que el \u00e1rea donde ocurri\u00f3 el hecho deber\u00eda \u201cestar copada con personas de Estado de Emergencia; militares\u201d. No puede, dijo, seguir ocurriendo este tipo de hechos a pesar de que la regi\u00f3n est\u00e1 bajo un Estado de Excepci\u00f3n.<\/p>\n<p>El dirigente subray\u00f3 en la necesidad de una actitud m\u00e1s ofensiva y no pasiva, y no esperar la persecuci\u00f3n penal. \u201cHay que ir detr\u00e1s de estos grupos, algo que tambi\u00e9n est\u00e1 pidiendo la ciudadan\u00eda\u201d, manifest\u00f3.<\/p>\n<p>Le\u00f3n Urra de 60 a\u00f1os, guardia fallecido, muri\u00f3 luego de ser atacado por desconocidos cuando se dirig\u00eda a realizar labores en el sector Selva Oscura. El hombre iba junto a su compa\u00f1ero, C\u00e9sar Osorio, de 50 a\u00f1os, quien permanece internado por sus heridas en el Hospital de Victoria.<\/p>\n","protected":false},"excerpt":{"rendered":"<p>Tras el ataque armado en Victoria, regi\u00f3n de la Araucan\u00eda, que dej\u00f3 a una persona fallecida y a otra herida de gravedad, la Multigremial de La Araucan\u00eda llam\u00f3 al Ejecutivo a invocar la Ley Antiterrorista. Patricio Santib\u00e1\u00f1ez, presidente de la asociaci\u00f3n, entreg\u00f3 en primer lugar las condolencias a la familia y amigos de Manuel Le\u00f3n [&hellip;]<\/p>\n","protected":false},"author":2,"featured_media":19071,"comment_status":"closed","ping_status":"open","sticky":false,"template":"","format":"standard","meta":{"_jetpack_memberships_contains_paid_content":false,"jnews-multi-image_gallery":[],"jnews_single_post":[],"jnews_primary_category":[],"jnews_social_meta":[],"jnews_paywall_metabox":[],"jnews_review":[],"enable_review":"","type":"","name":"","summary":"","brand":"","sku":"","good":[],"bad":[],"score_override":"","override_value":"","rating":[],"price":[],"jnews_override_counter":[],"jnews_post_split":[],"footnotes":""},"categories":[21],"tags":[],"class_list":["post-19072","post","type-post","status-publish","format-standard","has-post-thumbnail","hentry","category-nacional"],"jetpack_featured_media_url":"https:\/\/laserenaradio.cl\/web\/wp-content\/uploads\/2025\/08\/homepiaiextractoscrapimg_predeterminadalaserenaradio_nacional-33.webp","jetpack_sharing_enabled":true,"_links":{"self":[{"href":"https:\/\/laserenaradio.cl\/web\/wp-json\/wp\/v2\/posts\/19072","targetHints":{"allow":["GET"]}}],"collection":[{"href":"https:\/\/laserenaradio.cl\/web\/wp-json\/wp\/v2\/posts"}],"about":[{"href":"https:\/\/laserenaradio.cl\/web\/wp-json\/wp\/v2\/types\/post"}],"author":[{"embeddable":true,"href":"https:\/\/laserenaradio.cl\/web\/wp-json\/wp\/v2\/users\/2"}],"replies":[{"embeddable":true,"href":"https:\/\/laserenaradio.cl\/web\/wp-json\/wp\/v2\/comments?post=19072"}],"version-history":[{"count":1,"href":"https:\/\/laserenaradio.cl\/web\/wp-json\/wp\/v2\/posts\/19072\/revisions"}],"predecessor-version":[{"id":19073,"href":"https:\/\/laserenaradio.cl\/web\/wp-json\/wp\/v2\/posts\/19072\/revisions\/19073"}],"wp:featuredmedia":[{"embeddable":true,"href":"https:\/\/laserenaradio.cl\/web\/wp-json\/wp\/v2\/media\/19071"}],"wp:attachment":[{"href":"https:\/\/laserenaradio.cl\/web\/wp-json\/wp\/v2\/media?parent=19072"}],"wp:term":[{"taxonomy":"category","embeddable":true,"href":"https:\/\/laserenaradio.cl\/web\/wp-json\/wp\/v2\/categories?post=19072"},{"taxonomy":"post_tag","embeddable":true,"href":"https:\/\/laserenaradio.cl\/web\/wp-json\/wp\/v2\/tags?post=19072"}],"curies":[{"name":"wp","href":"https:\/\/api.w.org\/{rel}","templated":true}]}}