{"id":19069,"date":"2025-08-24T19:12:39","date_gmt":"2025-08-24T22:12:39","guid":{"rendered":"https:\/\/laserenaradio.cl\/web\/?p=19069"},"modified":"2025-08-24T19:12:39","modified_gmt":"2025-08-24T22:12:39","slug":"cmpc-lamenta-atentado-contra-sus-trabajadores-en-victoria-la-araucania","status":"publish","type":"post","link":"https:\/\/laserenaradio.cl\/web\/2025\/08\/24\/cmpc-lamenta-atentado-contra-sus-trabajadores-en-victoria-la-araucania\/","title":{"rendered":"CMPC lamenta atentado contra sus trabajadores en Victoria, La Araucan\u00eda"},"content":{"rendered":"<p>CMPC lamenta profundamente el ataque ocurrido en Victoria, regi\u00f3n de La Araucan\u00eda, donde un patrullero result\u00f3 fallecido y otro trabajador fue herido de gravedad. Ambas v\u00edctimas del atentado prestaban servicios como vig\u00edas a la empresa mencionada.<\/p>\n<p>El gerente general Francisco Ruiz-Tagle se\u00f1ala que este ataque &#8220;no es un ataque a la industria forestal&#8221; sino &#8220;un atentado que deja a una familia destruida&#8221;. CMPC asegura estar acompa\u00f1ando a la familia de Manuel Le\u00f3n Urra, patrullero de 60 a\u00f1os que result\u00f3 fallecido, y al trabajador que se encuentra internado en Temuco por la gravedad de sus heridas.<\/p>\n<p>La empresa reitera su llamado al restablecimiento de la seguridad p\u00fablica en las regiones afectadas por la violencia rural. CMPC asegura no contar con guardias armados, lo que confirma que los funcionarios que prestaban servicios como vig\u00edas no portaban armas al momento del ataque.<\/p>\n<p>CMPC ha cerrado su declaraci\u00f3n asegurando estar en contacto con las autoridades correspondientes para &#8220;colaborar en todo el proceso de investigaci\u00f3n&#8221; que permita dar con los responsables de este atentado.<\/p>\n","protected":false},"excerpt":{"rendered":"<p>CMPC lamenta profundamente el ataque ocurrido en Victoria, regi\u00f3n de La Araucan\u00eda, donde un patrullero result\u00f3 fallecido y otro trabajador fue herido de gravedad. Ambas v\u00edctimas del atentado prestaban servicios como vig\u00edas a la empresa mencionada. El gerente general Francisco Ruiz-Tagle se\u00f1ala que este ataque &#8220;no es un ataque a la industria forestal&#8221; sino &#8220;un [&hellip;]<\/p>\n","protected":false},"author":2,"featured_media":19068,"comment_status":"closed","ping_status":"open","sticky":false,"template":"","format":"standard","meta":{"_jetpack_memberships_contains_paid_content":false,"jnews-multi-image_gallery":[],"jnews_single_post":[],"jnews_primary_category":[],"jnews_social_meta":[],"jnews_paywall_metabox":[],"jnews_review":[],"enable_review":"","type":"","name":"","summary":"","brand":"","sku":"","good":[],"bad":[],"score_override":"","override_value":"","rating":[],"price":[],"jnews_override_counter":[],"jnews_post_split":[],"footnotes":""},"categories":[21],"tags":[],"class_list":["post-19069","post","type-post","status-publish","format-standard","has-post-thumbnail","hentry","category-nacional"],"jetpack_featured_media_url":"https:\/\/laserenaradio.cl\/web\/wp-content\/uploads\/2025\/08\/homepiaiextractoscrapimg_predeterminadalaserenaradio_nacional-32.webp","jetpack_sharing_enabled":true,"_links":{"self":[{"href":"https:\/\/laserenaradio.cl\/web\/wp-json\/wp\/v2\/posts\/19069","targetHints":{"allow":["GET"]}}],"collection":[{"href":"https:\/\/laserenaradio.cl\/web\/wp-json\/wp\/v2\/posts"}],"about":[{"href":"https:\/\/laserenaradio.cl\/web\/wp-json\/wp\/v2\/types\/post"}],"author":[{"embeddable":true,"href":"https:\/\/laserenaradio.cl\/web\/wp-json\/wp\/v2\/users\/2"}],"replies":[{"embeddable":true,"href":"https:\/\/laserenaradio.cl\/web\/wp-json\/wp\/v2\/comments?post=19069"}],"version-history":[{"count":1,"href":"https:\/\/laserenaradio.cl\/web\/wp-json\/wp\/v2\/posts\/19069\/revisions"}],"predecessor-version":[{"id":19070,"href":"https:\/\/laserenaradio.cl\/web\/wp-json\/wp\/v2\/posts\/19069\/revisions\/19070"}],"wp:featuredmedia":[{"embeddable":true,"href":"https:\/\/laserenaradio.cl\/web\/wp-json\/wp\/v2\/media\/19068"}],"wp:attachment":[{"href":"https:\/\/laserenaradio.cl\/web\/wp-json\/wp\/v2\/media?parent=19069"}],"wp:term":[{"taxonomy":"category","embeddable":true,"href":"https:\/\/laserenaradio.cl\/web\/wp-json\/wp\/v2\/categories?post=19069"},{"taxonomy":"post_tag","embeddable":true,"href":"https:\/\/laserenaradio.cl\/web\/wp-json\/wp\/v2\/tags?post=19069"}],"curies":[{"name":"wp","href":"https:\/\/api.w.org\/{rel}","templated":true}]}}