{"id":19066,"date":"2025-08-24T19:08:42","date_gmt":"2025-08-24T22:08:42","guid":{"rendered":"https:\/\/laserenaradio.cl\/web\/?p=19066"},"modified":"2025-08-24T19:08:42","modified_gmt":"2025-08-24T22:08:42","slug":"carretera-austral-cerrada-debido-a-lluvias-intensas","status":"publish","type":"post","link":"https:\/\/laserenaradio.cl\/web\/2025\/08\/24\/carretera-austral-cerrada-debido-a-lluvias-intensas\/","title":{"rendered":"Carretera Austral cerrada debido a lluvias intensas."},"content":{"rendered":"<p>Hasta el martes 26 estar\u00e1 cortada la Carretera Austral entre Caleta Gonzalo y Chait\u00e9n debido a las intensas precipitaciones, con Alerta Temprana Preventiva decretada para la zona.<\/p>\n<p>El corte se encuentra espec\u00edficamente en el puente Don Bache; lugar donde personal de Vialidad y equipos de la Delegaci\u00f3n Provincial de Palena trabajan continuamente.<\/p>\n<p>La medida se inform\u00f3 posterior a un Cogrid (Comit\u00e9 de Gesti\u00f3n del Riesgo de Desastres), subrayando la Alerta Temprana debido a las lluvias en la zona.<\/p>\n<p>Asimismo, se comunic\u00f3 respecto a la conectividad mar\u00edtima: las barcazas continuar\u00e1n funcionando con frecuencia diaria y directa hacia Chait\u00e9n, haciendo escala en Caleta Gonzalo. La naviera ser\u00e1 quien reprograme los viajes para pasajeros, por lo que la comunidad debe estar atenta a la difusi\u00f3n de horarios.<\/p>\n<p>La Capitan\u00eda de Puerto avis\u00f3 tambi\u00e9n que los puertos se mantendr\u00e1n cerrados para naves menores debido a la Alerta Temprana Preventiva. Por su parte, la Direcci\u00f3n Meteorol\u00f3gica indic\u00f3 que las lluvias deber\u00edan disminuir hacia la noche y madrugada del lunes 25, lo cual contribuir\u00eda a una baja en el nivel del agua en la zona.<\/p>\n","protected":false},"excerpt":{"rendered":"<p>Hasta el martes 26 estar\u00e1 cortada la Carretera Austral entre Caleta Gonzalo y Chait\u00e9n debido a las intensas precipitaciones, con Alerta Temprana Preventiva decretada para la zona. El corte se encuentra espec\u00edficamente en el puente Don Bache; lugar donde personal de Vialidad y equipos de la Delegaci\u00f3n Provincial de Palena trabajan continuamente. La medida se [&hellip;]<\/p>\n","protected":false},"author":2,"featured_media":19065,"comment_status":"closed","ping_status":"open","sticky":false,"template":"","format":"standard","meta":{"_jetpack_memberships_contains_paid_content":false,"jnews-multi-image_gallery":[],"jnews_single_post":[],"jnews_primary_category":[],"jnews_social_meta":[],"jnews_paywall_metabox":[],"jnews_review":[],"enable_review":"","type":"","name":"","summary":"","brand":"","sku":"","good":[],"bad":[],"score_override":"","override_value":"","rating":[],"price":[],"jnews_override_counter":[],"jnews_post_split":[],"footnotes":""},"categories":[21],"tags":[],"class_list":["post-19066","post","type-post","status-publish","format-standard","has-post-thumbnail","hentry","category-nacional"],"jetpack_featured_media_url":"https:\/\/laserenaradio.cl\/web\/wp-content\/uploads\/2025\/08\/homepiaiextractoscrapimg_webpdebidozonalluviasCarreteraAustral_0.webp","jetpack_sharing_enabled":true,"_links":{"self":[{"href":"https:\/\/laserenaradio.cl\/web\/wp-json\/wp\/v2\/posts\/19066","targetHints":{"allow":["GET"]}}],"collection":[{"href":"https:\/\/laserenaradio.cl\/web\/wp-json\/wp\/v2\/posts"}],"about":[{"href":"https:\/\/laserenaradio.cl\/web\/wp-json\/wp\/v2\/types\/post"}],"author":[{"embeddable":true,"href":"https:\/\/laserenaradio.cl\/web\/wp-json\/wp\/v2\/users\/2"}],"replies":[{"embeddable":true,"href":"https:\/\/laserenaradio.cl\/web\/wp-json\/wp\/v2\/comments?post=19066"}],"version-history":[{"count":1,"href":"https:\/\/laserenaradio.cl\/web\/wp-json\/wp\/v2\/posts\/19066\/revisions"}],"predecessor-version":[{"id":19067,"href":"https:\/\/laserenaradio.cl\/web\/wp-json\/wp\/v2\/posts\/19066\/revisions\/19067"}],"wp:featuredmedia":[{"embeddable":true,"href":"https:\/\/laserenaradio.cl\/web\/wp-json\/wp\/v2\/media\/19065"}],"wp:attachment":[{"href":"https:\/\/laserenaradio.cl\/web\/wp-json\/wp\/v2\/media?parent=19066"}],"wp:term":[{"taxonomy":"category","embeddable":true,"href":"https:\/\/laserenaradio.cl\/web\/wp-json\/wp\/v2\/categories?post=19066"},{"taxonomy":"post_tag","embeddable":true,"href":"https:\/\/laserenaradio.cl\/web\/wp-json\/wp\/v2\/tags?post=19066"}],"curies":[{"name":"wp","href":"https:\/\/api.w.org\/{rel}","templated":true}]}}