{"id":19057,"date":"2025-08-24T17:53:51","date_gmt":"2025-08-24T20:53:51","guid":{"rendered":"https:\/\/laserenaradio.cl\/web\/?p=19057"},"modified":"2025-08-24T17:53:51","modified_gmt":"2025-08-24T20:53:51","slug":"tres-hombres-detenidos-por-presuntamente-asesinar-a-ingeniero-en-chile","status":"publish","type":"post","link":"https:\/\/laserenaradio.cl\/web\/2025\/08\/24\/tres-hombres-detenidos-por-presuntamente-asesinar-a-ingeniero-en-chile\/","title":{"rendered":"Tres hombres detenidos por presuntamente asesinar a ingeniero en Chile"},"content":{"rendered":"<p>Tres hombres han sido detenidos este domingo como sospechosos de participar en el crimen del ingeniero Michael Pe\u00f1aloza (44), ocurrido el pasado martes en una parcela en la comuna de Curacav\u00ed, Regi\u00f3n Metropolitana. Uno de ellos se entreg\u00f3 voluntariamente a las autoridades tras haber confesado su participaci\u00f3n en el asesinato, seg\u00fan confirm\u00f3 esta ma\u00f1ana la Municipalidad de Curacav\u00ed.<\/p>\n<p>Los otros dos fueron identificados y capturados en las \u00faltimas horas por la Polic\u00eda de Investigaciones (<a href=\"https:\/\/www.pdichile.cl\/\">PDI<\/a>). &#8220;Logramos poner en la custodia de <a href=\"https:\/\/www.carabineros.cl\/\">Carabineros<\/a> de Curacav\u00ed de la 63\u00b0 Comisar\u00eda a una persona que se indica como uno de los responsables de los atroces actos ocurridos en los \u00faltimos d\u00edas&#8221;, indic\u00f3 el alcalde de Cuaracav\u00ed, Christian Hern\u00e1ndez, respecto al hombre que se entreg\u00f3.<\/p>\n<p>En conversaci\u00f3n con Radio B\u00edo B\u00edo, el jefe comunal relat\u00f3 que &#8220;los equipos municipales se desplegaron en ciertos barrios para hacer empadronamiento, encuestar, preguntar, recopilar antecedentes, cualquier dato que permitiera hilar la informaci\u00f3n y es as\u00ed como finalmente identificamos un sector de Curacav\u00ed como el lugar donde podr\u00edan vivir los autores del crimen&#8221;.<\/p>\n<p>&#8220;La presi\u00f3n existente en el entorno, en la comunidad, llev\u00f3 a \u00e9l (el detenido) a tomar contacto con parte del equipo municipal, a quienes conoc\u00eda, para confesar que \u00e9l era parte de los autores y que estaba pensando en entregarse&#8221;, agreg\u00f3 Hern\u00e1ndez.<\/p>\n<p>Inmediatamente se desplazaron al domicilio del acusado. Yo mismo, personalmente, asegur\u00e9 que no se arrepintiera, y pudimos finalmente trasladarnos junto con \u00e9l y los equipos municipales a la 63\u00b0 Comisar\u00eda de <a href=\"https:\/\/www.carabineros.cl\/\">Carabineros<\/a> de Curacav\u00ed, donde estaban esper\u00e1ndonos para iniciar el procedimiento.<\/p>\n<p>Seg\u00fan informaci\u00f3n a la que tuvo acceso Radio B\u00edo B\u00edo, durante esta jornada la <a href=\"https:\/\/www.pdichile.cl\/\">PDI<\/a> logr\u00f3 la detenci\u00f3n de otros dos sospechosos, tras diligencias realizadas en coordinaci\u00f3n con la <a href=\"https:\/\/www.fiscaliadechile.cl\/\">Fiscal\u00eda<\/a> Metropolitana Occidente. De acuerdo con fuentes policiales, uno de los detenidos ser\u00eda el autor directo del crimen, es decir, quien conduc\u00eda el veh\u00edculo robado a Michael Pe\u00f1aloza, con el cual el ingeniero fue atropellado.<\/p>\n<p>Los tres sujetos posteriormente quemaron el autom\u00f3vil, luego de trasladarlo a un sector eriazo en la Cuesta Lo Prado, en el l\u00edmite de las comunas de Pudahuel y Curacav\u00ed. Recordemos que los individuos robaron la llave del veh\u00edculo desde la parcela de Pe\u00f1aloza, cinco d\u00edas antes del asesinato. Luego, la madrugada del martes 19 de agosto, regresaron al domicilio para intentar llevarse el autom\u00f3vil.<\/p>\n<p>El ingeniero adivirti\u00f3 la situaci\u00f3n y llam\u00f3 a <a href=\"https:\/\/www.carabineros.cl\/\">Carabineros<\/a>. Los funcionarios llegaron al lugar y, tras una breve revisi\u00f3n, se retiraron.<\/p>\n","protected":false},"excerpt":{"rendered":"<p>Tres hombres han sido detenidos este domingo como sospechosos de participar en el crimen del ingeniero Michael Pe\u00f1aloza (44), ocurrido el pasado martes en una parcela en la comuna de Curacav\u00ed, Regi\u00f3n Metropolitana. Uno de ellos se entreg\u00f3 voluntariamente a las autoridades tras haber confesado su participaci\u00f3n en el asesinato, seg\u00fan confirm\u00f3 esta ma\u00f1ana la [&hellip;]<\/p>\n","protected":false},"author":2,"featured_media":19056,"comment_status":"closed","ping_status":"open","sticky":false,"template":"","format":"standard","meta":{"_jetpack_memberships_contains_paid_content":false,"jnews-multi-image_gallery":[],"jnews_single_post":[],"jnews_primary_category":[],"jnews_social_meta":[],"jnews_paywall_metabox":[],"jnews_review":[],"enable_review":"","type":"","name":"","summary":"","brand":"","sku":"","good":[],"bad":[],"score_override":"","override_value":"","rating":[],"price":[],"jnews_override_counter":[],"jnews_post_split":[],"footnotes":""},"categories":[21],"tags":[],"class_list":["post-19057","post","type-post","status-publish","format-standard","has-post-thumbnail","hentry","category-nacional"],"jetpack_featured_media_url":"https:\/\/laserenaradio.cl\/web\/wp-content\/uploads\/2025\/08\/homepiaiextractoscrapimg_webpingenierodetenidoscrimencarabineros_1.webp","jetpack_sharing_enabled":true,"_links":{"self":[{"href":"https:\/\/laserenaradio.cl\/web\/wp-json\/wp\/v2\/posts\/19057","targetHints":{"allow":["GET"]}}],"collection":[{"href":"https:\/\/laserenaradio.cl\/web\/wp-json\/wp\/v2\/posts"}],"about":[{"href":"https:\/\/laserenaradio.cl\/web\/wp-json\/wp\/v2\/types\/post"}],"author":[{"embeddable":true,"href":"https:\/\/laserenaradio.cl\/web\/wp-json\/wp\/v2\/users\/2"}],"replies":[{"embeddable":true,"href":"https:\/\/laserenaradio.cl\/web\/wp-json\/wp\/v2\/comments?post=19057"}],"version-history":[{"count":1,"href":"https:\/\/laserenaradio.cl\/web\/wp-json\/wp\/v2\/posts\/19057\/revisions"}],"predecessor-version":[{"id":19058,"href":"https:\/\/laserenaradio.cl\/web\/wp-json\/wp\/v2\/posts\/19057\/revisions\/19058"}],"wp:featuredmedia":[{"embeddable":true,"href":"https:\/\/laserenaradio.cl\/web\/wp-json\/wp\/v2\/media\/19056"}],"wp:attachment":[{"href":"https:\/\/laserenaradio.cl\/web\/wp-json\/wp\/v2\/media?parent=19057"}],"wp:term":[{"taxonomy":"category","embeddable":true,"href":"https:\/\/laserenaradio.cl\/web\/wp-json\/wp\/v2\/categories?post=19057"},{"taxonomy":"post_tag","embeddable":true,"href":"https:\/\/laserenaradio.cl\/web\/wp-json\/wp\/v2\/tags?post=19057"}],"curies":[{"name":"wp","href":"https:\/\/api.w.org\/{rel}","templated":true}]}}