{"id":19048,"date":"2025-08-23T21:57:58","date_gmt":"2025-08-24T00:57:58","guid":{"rendered":"https:\/\/laserenaradio.cl\/web\/?p=19048"},"modified":"2025-08-23T21:57:58","modified_gmt":"2025-08-24T00:57:58","slug":"gary-medel-cuelga-los-botines-con-la-roja","status":"publish","type":"post","link":"https:\/\/laserenaradio.cl\/web\/2025\/08\/23\/gary-medel-cuelga-los-botines-con-la-roja\/","title":{"rendered":"Gary Medel cuelga los botines con La Roja."},"content":{"rendered":"<p>El &#8216;Pitbull&#8217; Gary Medel decide retirarse de La Roja despu\u00e9s de 16 a\u00f1os. Con 38 a\u00f1os, el central chileno confirma su adi\u00f3s al equipo nacional tras ser marginado por el t\u00e9cnico Ricardo Gareca y no contar con espacio en la primera n\u00f3mina de Nicol\u00e1s C\u00f3rdova.<\/p>\n<p>Sin lugar en las convocatorias iniciales, Medel habl\u00f3 con La Tercera sobre su retiro. &#8220;No. Cero chance (de volver)&#8221;, asegur\u00f3 firmemente. &#8220;Es el turno de las nuevas generaciones&#8221;, a\u00f1adi\u00f3.<\/p>\n<p>A pesar de la determinaci\u00f3n expresada, el exjugador del Real Betis y hoy jugador de Universidad Cat\u00f3lica reconoci\u00f3 que esperaba un cierre distinto. &#8220;Pens\u00e9 que pod\u00eda haber estado. No como titular, pero s\u00ed para aportar con la experiencia y la jerarqu\u00eda&#8221;, lament\u00f3.<\/p>\n<p>&#8220;La Roja no es para cualquiera y se ve demostrado en el d\u00eda a d\u00eda y en cada partido&#8221;, admiti\u00f3 Medel, quien sum\u00f3 161 encuentros y anot\u00f3 siete goles con La Roja. &#8220;Me doli\u00f3 un poquito, pero es parte de cada cuerpo t\u00e9cnico decide qui\u00e9n est\u00e1&#8221;, reflexion\u00f3.<\/p>\n<p>Como figura hist\u00f3rica de la Generaci\u00f3n Dorada, Medel levant\u00f3 dos Copas Am\u00e9rica en 2015 y 2016, dejando una huella imborrable al ser alma, empuje y coraz\u00f3n del combinado chileno. &#8220;Siempre es importante tener en la selecci\u00f3n a jugadores con mayor trayectoria para ense\u00f1ar y explicar c\u00f3mo se siente estar en La Roja&#8221;, concluy\u00f3 el bicampe\u00f3n de Am\u00e9rica.<\/p>\n","protected":false},"excerpt":{"rendered":"<p>El &#8216;Pitbull&#8217; Gary Medel decide retirarse de La Roja despu\u00e9s de 16 a\u00f1os. Con 38 a\u00f1os, el central chileno confirma su adi\u00f3s al equipo nacional tras ser marginado por el t\u00e9cnico Ricardo Gareca y no contar con espacio en la primera n\u00f3mina de Nicol\u00e1s C\u00f3rdova. Sin lugar en las convocatorias iniciales, Medel habl\u00f3 con La [&hellip;]<\/p>\n","protected":false},"author":2,"featured_media":19047,"comment_status":"closed","ping_status":"open","sticky":false,"template":"","format":"standard","meta":{"_jetpack_memberships_contains_paid_content":false,"jnews-multi-image_gallery":[],"jnews_single_post":[],"jnews_primary_category":[],"jnews_social_meta":[],"jnews_paywall_metabox":[],"jnews_review":[],"enable_review":"","type":"","name":"","summary":"","brand":"","sku":"","good":[],"bad":[],"score_override":"","override_value":"","rating":[],"price":[],"jnews_override_counter":[],"jnews_post_split":[],"footnotes":""},"categories":[84],"tags":[],"class_list":["post-19048","post","type-post","status-publish","format-standard","has-post-thumbnail","hentry","category-deportes"],"jetpack_featured_media_url":"https:\/\/laserenaradio.cl\/web\/wp-content\/uploads\/2025\/08\/homepiaiextractoscrapimg_webpMedelGaryMedeldecidechileno_1.webp","jetpack_sharing_enabled":true,"_links":{"self":[{"href":"https:\/\/laserenaradio.cl\/web\/wp-json\/wp\/v2\/posts\/19048","targetHints":{"allow":["GET"]}}],"collection":[{"href":"https:\/\/laserenaradio.cl\/web\/wp-json\/wp\/v2\/posts"}],"about":[{"href":"https:\/\/laserenaradio.cl\/web\/wp-json\/wp\/v2\/types\/post"}],"author":[{"embeddable":true,"href":"https:\/\/laserenaradio.cl\/web\/wp-json\/wp\/v2\/users\/2"}],"replies":[{"embeddable":true,"href":"https:\/\/laserenaradio.cl\/web\/wp-json\/wp\/v2\/comments?post=19048"}],"version-history":[{"count":1,"href":"https:\/\/laserenaradio.cl\/web\/wp-json\/wp\/v2\/posts\/19048\/revisions"}],"predecessor-version":[{"id":19049,"href":"https:\/\/laserenaradio.cl\/web\/wp-json\/wp\/v2\/posts\/19048\/revisions\/19049"}],"wp:featuredmedia":[{"embeddable":true,"href":"https:\/\/laserenaradio.cl\/web\/wp-json\/wp\/v2\/media\/19047"}],"wp:attachment":[{"href":"https:\/\/laserenaradio.cl\/web\/wp-json\/wp\/v2\/media?parent=19048"}],"wp:term":[{"taxonomy":"category","embeddable":true,"href":"https:\/\/laserenaradio.cl\/web\/wp-json\/wp\/v2\/categories?post=19048"},{"taxonomy":"post_tag","embeddable":true,"href":"https:\/\/laserenaradio.cl\/web\/wp-json\/wp\/v2\/tags?post=19048"}],"curies":[{"name":"wp","href":"https:\/\/api.w.org\/{rel}","templated":true}]}}