{"id":19039,"date":"2025-08-23T17:31:18","date_gmt":"2025-08-23T20:31:18","guid":{"rendered":"https:\/\/laserenaradio.cl\/web\/?p=19039"},"modified":"2025-08-23T17:31:18","modified_gmt":"2025-08-23T20:31:18","slug":"inspector-encarcelado-por-violar-a-una-nina-de-6-anos","status":"publish","type":"post","link":"https:\/\/laserenaradio.cl\/web\/2025\/08\/23\/inspector-encarcelado-por-violar-a-una-nina-de-6-anos\/","title":{"rendered":"Inspector encarcelado por violar a una ni\u00f1a de 6 a\u00f1os"},"content":{"rendered":"<p>La ma\u00f1ana de este s\u00e1bado 23 de agosto se decret\u00f3 prisi\u00f3n preventiva para un inspector acusado de violar a una ni\u00f1a de seis a\u00f1os dentro de un colegio en Villa Alemana, regi\u00f3n de Valpara\u00edso. El Juzgado de Garant\u00eda de Villa Alemana dictamin\u00f3 la medida cautelar de prisi\u00f3n preventiva contra R.I.L.H., imputado por el delito consumado de violaci\u00f3n de menor de 14 a\u00f1os.<\/p>\n<p>El hecho habr\u00eda ocurrido al interior del establecimiento educacional Alto Monte, y para investigarlo se destin\u00f3 un plazo de 6 meses. Seg\u00fan la fiscal Daniela Quevedo, &#8220;el imputado aprovech\u00f3 para realizar la conducta constitutiva del delito de violaci\u00f3n de menor tras solicitar a la v\u00edctima que realizara un juego&#8221;.<\/p>\n<p>La menor revel\u00f3 el abuso a su padre, quien denunci\u00f3 el caso ante <a href=\"https:\/\/www.carabineros.cl\/\">Carabineros<\/a>. Entre las diligencias efectuadas se revisaron las c\u00e1maras de seguridad del establecimiento, que &#8220;muestran indicios del hecho cometido por el imputado&#8221;.<\/p>\n","protected":false},"excerpt":{"rendered":"<p>La ma\u00f1ana de este s\u00e1bado 23 de agosto se decret\u00f3 prisi\u00f3n preventiva para un inspector acusado de violar a una ni\u00f1a de seis a\u00f1os dentro de un colegio en Villa Alemana, regi\u00f3n de Valpara\u00edso. El Juzgado de Garant\u00eda de Villa Alemana dictamin\u00f3 la medida cautelar de prisi\u00f3n preventiva contra R.I.L.H., imputado por el delito consumado [&hellip;]<\/p>\n","protected":false},"author":2,"featured_media":19038,"comment_status":"closed","ping_status":"open","sticky":false,"template":"","format":"standard","meta":{"_jetpack_memberships_contains_paid_content":false,"jnews-multi-image_gallery":[],"jnews_single_post":[],"jnews_primary_category":[],"jnews_social_meta":[],"jnews_paywall_metabox":[],"jnews_review":[],"enable_review":"","type":"","name":"","summary":"","brand":"","sku":"","good":[],"bad":[],"score_override":"","override_value":"","rating":[],"price":[],"jnews_override_counter":[],"jnews_post_split":[],"footnotes":""},"categories":[21],"tags":[],"class_list":["post-19039","post","type-post","status-publish","format-standard","has-post-thumbnail","hentry","category-nacional"],"jetpack_featured_media_url":"https:\/\/laserenaradio.cl\/web\/wp-content\/uploads\/2025\/08\/homepiaiextractoscrapimg_predeterminadalaserenaradio_ultimo_minuto-7.webp","jetpack_sharing_enabled":true,"_links":{"self":[{"href":"https:\/\/laserenaradio.cl\/web\/wp-json\/wp\/v2\/posts\/19039","targetHints":{"allow":["GET"]}}],"collection":[{"href":"https:\/\/laserenaradio.cl\/web\/wp-json\/wp\/v2\/posts"}],"about":[{"href":"https:\/\/laserenaradio.cl\/web\/wp-json\/wp\/v2\/types\/post"}],"author":[{"embeddable":true,"href":"https:\/\/laserenaradio.cl\/web\/wp-json\/wp\/v2\/users\/2"}],"replies":[{"embeddable":true,"href":"https:\/\/laserenaradio.cl\/web\/wp-json\/wp\/v2\/comments?post=19039"}],"version-history":[{"count":1,"href":"https:\/\/laserenaradio.cl\/web\/wp-json\/wp\/v2\/posts\/19039\/revisions"}],"predecessor-version":[{"id":19040,"href":"https:\/\/laserenaradio.cl\/web\/wp-json\/wp\/v2\/posts\/19039\/revisions\/19040"}],"wp:featuredmedia":[{"embeddable":true,"href":"https:\/\/laserenaradio.cl\/web\/wp-json\/wp\/v2\/media\/19038"}],"wp:attachment":[{"href":"https:\/\/laserenaradio.cl\/web\/wp-json\/wp\/v2\/media?parent=19039"}],"wp:term":[{"taxonomy":"category","embeddable":true,"href":"https:\/\/laserenaradio.cl\/web\/wp-json\/wp\/v2\/categories?post=19039"},{"taxonomy":"post_tag","embeddable":true,"href":"https:\/\/laserenaradio.cl\/web\/wp-json\/wp\/v2\/tags?post=19039"}],"curies":[{"name":"wp","href":"https:\/\/api.w.org\/{rel}","templated":true}]}}