{"id":19036,"date":"2025-08-23T17:29:00","date_gmt":"2025-08-23T20:29:00","guid":{"rendered":"https:\/\/laserenaradio.cl\/web\/?p=19036"},"modified":"2025-08-23T17:29:00","modified_gmt":"2025-08-23T20:29:00","slug":"avalancha-en-la-parva-sin-desaparecidos-por-ahora","status":"publish","type":"post","link":"https:\/\/laserenaradio.cl\/web\/2025\/08\/23\/avalancha-en-la-parva-sin-desaparecidos-por-ahora\/","title":{"rendered":"Avalancha en La Parva: Sin desaparecidos por ahora"},"content":{"rendered":"<p>El alcalde de Lo Barnechea, Felipe Alessandri, confirm\u00f3 que este s\u00e1bado se produjo una avalancha en el centro de esqu\u00ed La Parva. Esta ubicada en el sector cordillerano de la Regi\u00f3n Metropolitana.<\/p>\n<p>Hasta ahora, la informaci\u00f3n preliminar indica que dos esquiadores se salieron de las pistas de La Parva, que est\u00e1n muy bien se\u00f1alizadas, ignorando la se\u00f1al\u00e9tica establecida y pisadas por la maquinaria.<\/p>\n<p>Seg\u00fan Alessandri, &#8220;la nieve estaba suelta, cay\u00f3 m\u00e1s de un metro 20 en una pista llamada Barros Negros. Los esquiadores generaron una avalancha hacia abajo&#8221;.<\/p>\n<p>Respecto a las consecuencias, el alcalde enfatiz\u00f3 que no hay personas afectadas: &#8220;La informaci\u00f3n preliminar, por eso aprovecho llamar a la calma, es que no hay desaparecidos. Sin embargo, <a href=\"https:\/\/www.carabineros.cl\/\">Carabineros<\/a> debe hacer una revisi\u00f3n del lugar donde afect\u00f3 la avalancha&#8221;.<\/p>\n","protected":false},"excerpt":{"rendered":"<p>El alcalde de Lo Barnechea, Felipe Alessandri, confirm\u00f3 que este s\u00e1bado se produjo una avalancha en el centro de esqu\u00ed La Parva. Esta ubicada en el sector cordillerano de la Regi\u00f3n Metropolitana. Hasta ahora, la informaci\u00f3n preliminar indica que dos esquiadores se salieron de las pistas de La Parva, que est\u00e1n muy bien se\u00f1alizadas, ignorando [&hellip;]<\/p>\n","protected":false},"author":2,"featured_media":19035,"comment_status":"closed","ping_status":"open","sticky":false,"template":"","format":"standard","meta":{"_jetpack_memberships_contains_paid_content":false,"jnews-multi-image_gallery":[],"jnews_single_post":[],"jnews_primary_category":[],"jnews_social_meta":[],"jnews_paywall_metabox":[],"jnews_review":[],"enable_review":"","type":"","name":"","summary":"","brand":"","sku":"","good":[],"bad":[],"score_override":"","override_value":"","rating":[],"price":[],"jnews_override_counter":[],"jnews_post_split":[],"footnotes":""},"categories":[21],"tags":[],"class_list":["post-19036","post","type-post","status-publish","format-standard","has-post-thumbnail","hentry","category-nacional"],"jetpack_featured_media_url":"https:\/\/laserenaradio.cl\/web\/wp-content\/uploads\/2025\/08\/homepiaiextractoscrapimg_predeterminadalaserenaradio_nacional-30.webp","jetpack_sharing_enabled":true,"_links":{"self":[{"href":"https:\/\/laserenaradio.cl\/web\/wp-json\/wp\/v2\/posts\/19036","targetHints":{"allow":["GET"]}}],"collection":[{"href":"https:\/\/laserenaradio.cl\/web\/wp-json\/wp\/v2\/posts"}],"about":[{"href":"https:\/\/laserenaradio.cl\/web\/wp-json\/wp\/v2\/types\/post"}],"author":[{"embeddable":true,"href":"https:\/\/laserenaradio.cl\/web\/wp-json\/wp\/v2\/users\/2"}],"replies":[{"embeddable":true,"href":"https:\/\/laserenaradio.cl\/web\/wp-json\/wp\/v2\/comments?post=19036"}],"version-history":[{"count":1,"href":"https:\/\/laserenaradio.cl\/web\/wp-json\/wp\/v2\/posts\/19036\/revisions"}],"predecessor-version":[{"id":19037,"href":"https:\/\/laserenaradio.cl\/web\/wp-json\/wp\/v2\/posts\/19036\/revisions\/19037"}],"wp:featuredmedia":[{"embeddable":true,"href":"https:\/\/laserenaradio.cl\/web\/wp-json\/wp\/v2\/media\/19035"}],"wp:attachment":[{"href":"https:\/\/laserenaradio.cl\/web\/wp-json\/wp\/v2\/media?parent=19036"}],"wp:term":[{"taxonomy":"category","embeddable":true,"href":"https:\/\/laserenaradio.cl\/web\/wp-json\/wp\/v2\/categories?post=19036"},{"taxonomy":"post_tag","embeddable":true,"href":"https:\/\/laserenaradio.cl\/web\/wp-json\/wp\/v2\/tags?post=19036"}],"curies":[{"name":"wp","href":"https:\/\/api.w.org\/{rel}","templated":true}]}}