{"id":18551,"date":"2025-08-06T09:53:57","date_gmt":"2025-08-06T12:53:57","guid":{"rendered":"https:\/\/laserenaradio.cl\/web\/?p=18551"},"modified":"2025-08-06T09:53:57","modified_gmt":"2025-08-06T12:53:57","slug":"ataque-brutal-a-repartidor-de-comida-en-conchali","status":"publish","type":"post","link":"https:\/\/laserenaradio.cl\/web\/2025\/08\/06\/ataque-brutal-a-repartidor-de-comida-en-conchali\/","title":{"rendered":"Ataque brutal a repartidor de comida en Conchal\u00ed"},"content":{"rendered":"<p>Un repartidor de comida fue brutalmente golpeado y asaltado cerca de las 22:00 del martes, en Conchal\u00ed. Al menos cinco delincuentes se bajaron de un veh\u00edculo para robarle sus pertenencias, incluida su moto.<\/p>\n<p>El hecho ocurri\u00f3 en la calle Carlos Salas Herrera cuando el repartidor, que trabaja para una aplicaci\u00f3n de comida r\u00e1pida, realizaba una entrega. El cliente sali\u00f3 a recibirlo, pero olvid\u00f3 su tel\u00e9fono al interior de su casa; al regresar a buscarlo, los atacantes aparecieron.<\/p>\n<p>Seg\u00fan testigos, los sujetos habr\u00edan utilizado un arma de fuego y elementos contundentes para cometer el delito. Los vecinos activaron las alarmas comunitarias del sector, lo que oblig\u00f3 a los atacantes a finalizar con el atraco; sin embargo, lograron robar las pertenencias y la moto.<\/p>\n<p>En un principio, la v\u00edctima contact\u00f3 a <a href=\"https:\/\/www.carabineros.cl\/\">Carabineros<\/a>, pero finalmente se neg\u00f3 a hacer la denuncia por encontrarse en una situaci\u00f3n migratoria irregular. A pesar de las lesiones sufridas, desisti\u00f3 de ser llevado a un centro asistencial y se fue caminando del sitio del suceso.<\/p>\n<p>De momento, los atacantes no han sido identificados ni localizados; mientras tanto, los vecinos reclaman por mayores medidas de seguridad en la comuna.<\/p>\n","protected":false},"excerpt":{"rendered":"<p>Un repartidor de comida fue brutalmente golpeado y asaltado cerca de las 22:00 del martes, en Conchal\u00ed. Al menos cinco delincuentes se bajaron de un veh\u00edculo para robarle sus pertenencias, incluida su moto. El hecho ocurri\u00f3 en la calle Carlos Salas Herrera cuando el repartidor, que trabaja para una aplicaci\u00f3n de comida r\u00e1pida, realizaba una [&hellip;]<\/p>\n","protected":false},"author":2,"featured_media":18550,"comment_status":"closed","ping_status":"open","sticky":false,"template":"","format":"standard","meta":{"_jetpack_memberships_contains_paid_content":false,"jnews-multi-image_gallery":[],"jnews_single_post":[],"jnews_primary_category":[],"jnews_social_meta":[],"jnews_paywall_metabox":[],"jnews_review":[],"enable_review":"","type":"","name":"","summary":"","brand":"","sku":"","good":[],"bad":[],"score_override":"","override_value":"","rating":[],"price":[],"jnews_override_counter":[],"jnews_post_split":[],"footnotes":""},"categories":[21],"tags":[],"class_list":["post-18551","post","type-post","status-publish","format-standard","has-post-thumbnail","hentry","category-nacional"],"jetpack_featured_media_url":"https:\/\/laserenaradio.cl\/web\/wp-content\/uploads\/2025\/08\/homepiaiextractoscrapimg_webprepartidorcomidaatacantespertenencias_1.webp","jetpack_sharing_enabled":true,"_links":{"self":[{"href":"https:\/\/laserenaradio.cl\/web\/wp-json\/wp\/v2\/posts\/18551","targetHints":{"allow":["GET"]}}],"collection":[{"href":"https:\/\/laserenaradio.cl\/web\/wp-json\/wp\/v2\/posts"}],"about":[{"href":"https:\/\/laserenaradio.cl\/web\/wp-json\/wp\/v2\/types\/post"}],"author":[{"embeddable":true,"href":"https:\/\/laserenaradio.cl\/web\/wp-json\/wp\/v2\/users\/2"}],"replies":[{"embeddable":true,"href":"https:\/\/laserenaradio.cl\/web\/wp-json\/wp\/v2\/comments?post=18551"}],"version-history":[{"count":1,"href":"https:\/\/laserenaradio.cl\/web\/wp-json\/wp\/v2\/posts\/18551\/revisions"}],"predecessor-version":[{"id":18552,"href":"https:\/\/laserenaradio.cl\/web\/wp-json\/wp\/v2\/posts\/18551\/revisions\/18552"}],"wp:featuredmedia":[{"embeddable":true,"href":"https:\/\/laserenaradio.cl\/web\/wp-json\/wp\/v2\/media\/18550"}],"wp:attachment":[{"href":"https:\/\/laserenaradio.cl\/web\/wp-json\/wp\/v2\/media?parent=18551"}],"wp:term":[{"taxonomy":"category","embeddable":true,"href":"https:\/\/laserenaradio.cl\/web\/wp-json\/wp\/v2\/categories?post=18551"},{"taxonomy":"post_tag","embeddable":true,"href":"https:\/\/laserenaradio.cl\/web\/wp-json\/wp\/v2\/tags?post=18551"}],"curies":[{"name":"wp","href":"https:\/\/api.w.org\/{rel}","templated":true}]}}