{"id":18546,"date":"2025-08-06T09:47:47","date_gmt":"2025-08-06T12:47:47","guid":{"rendered":"https:\/\/laserenaradio.cl\/web\/?p=18546"},"modified":"2025-08-06T09:49:26","modified_gmt":"2025-08-06T12:49:26","slug":"profesor-separado-del-aula-por-gritar-a-estudiantes-que-defendian-a-pinochet","status":"publish","type":"post","link":"https:\/\/laserenaradio.cl\/web\/2025\/08\/06\/profesor-separado-del-aula-por-gritar-a-estudiantes-que-defendian-a-pinochet\/","title":{"rendered":"Profesor separado del aula por gritar a estudiantes que defend\u00edan a Pinochet"},"content":{"rendered":"\n<p><strong>Pol\u00e9mica gener\u00f3 el video de un profesor que a los gritos hace callar a unos estudiantes que habr\u00edan defendido la figura del dictador Augusto Pinochet. Este hecho ocurri\u00f3 en el Liceo de Limache, en la regi\u00f3n de Valpara\u00edso, y se difundi\u00f3 por redes sociales.<\/strong><\/p>\n\n\n\n<!--more-->\n\n\n\n<p>&#8220;Lo repito para que todo el mundo lo escuche, ac\u00e1 su compa\u00f1era est\u00e1 hablando, defendiendo a Pinochet&#8221;, dice el profesor. &#8220;Yo no lo estoy defendiendo&#8221;, responde la alumna, pero el docente se altera y comienza a gritar: &#8220;\u00a1C\u00e1llate, c\u00e1llate, te dije!&#8221;.<\/p>\n\n\n\n<p>Ante esa exaltada reacci\u00f3n, otros estudiantes intentan intervenir, pero tampoco les permite exponer su punto. &#8220;No estoy hablando contigo. Tambi\u00e9n te callas&#8221;, le dice el profesor a otro alumno. Lo mismo hizo respecto a otra adolescente que intent\u00f3 dar su opini\u00f3n: &#8220;No te metas. El asunto no es contigo&#8221;.<\/p>\n\n\n\n<p>Pese a lo anterior, la estudiante intent\u00f3 explicar sus dichos: &#8220;Yo acabo de decir que hizo cosas malas, en ning\u00fan momento dije que no&#8221;. No obstante, le vuelve a decir que se quede en silencio: &#8220;C\u00e1llense los dos, \u00bfpor qu\u00e9 siguen hablando?&#8221;, refuerza el profesional.<\/p>\n\n\n\n<p>A trav\u00e9s de un video difundido en redes sociales, la Municipalidad de Limache inform\u00f3 que el profesor fue separado de sus funciones y que se realizar\u00e1 un sumario administrativo.<\/p>\n\n\n\n<figure class=\"wp-block-embed is-type-rich is-provider-twitter wp-block-embed-twitter\"><div class=\"wp-block-embed__wrapper\">\n<div class=\"embed-twitter\"><blockquote class=\"twitter-tweet\" data-width=\"500\" data-dnt=\"true\"><p lang=\"es\" dir=\"ltr\">Este video muestra c\u00f3mo le habla a sus alumnos un profesor del Liceo de Limache, un fan\u00e1tico totalitario de ultraizquierda que se impone a gritos a sus alumnos <br>Denunciar\u00e9 a la superintendencia de educaci\u00f3n, adem\u00e1s pedir\u00e9 a la municipalidad de Limache que inicie un proceso\u2026 <a href=\"https:\/\/t.co\/mSR9Ino59x\">pic.twitter.com\/mSR9Ino59x<\/a><\/p>&mdash; Camila Flores Oporto \ud83c\udde8\ud83c\uddf1 (@Cami_FloresO) <a href=\"https:\/\/twitter.com\/Cami_FloresO\/status\/1952908418274214272?ref_src=twsrc%5Etfw\">August 6, 2025<\/a><\/blockquote><script async src=\"https:\/\/platform.twitter.com\/widgets.js\" charset=\"utf-8\"><\/script><\/div>\n<\/div><\/figure>\n","protected":false},"excerpt":{"rendered":"<p>Pol\u00e9mica gener\u00f3 el video de un profesor que a los gritos hace callar a unos estudiantes que habr\u00edan defendido la figura del dictador Augusto Pinochet. Este hecho ocurri\u00f3 en el Liceo de Limache, en la regi\u00f3n de Valpara\u00edso, y se difundi\u00f3 por redes sociales.<\/p>\n","protected":false},"author":2,"featured_media":18545,"comment_status":"closed","ping_status":"open","sticky":false,"template":"","format":"standard","meta":{"_jetpack_memberships_contains_paid_content":false,"jnews-multi-image_gallery":[],"jnews_single_post":{"format":"standard"},"jnews_primary_category":[],"jnews_social_meta":[],"jnews_paywall_metabox":[],"jnews_review":[],"enable_review":"","type":"","name":"","summary":"","brand":"","sku":"","good":[],"bad":[],"score_override":"","override_value":"","rating":[],"price":[],"jnews_override_counter":[],"jnews_post_split":[],"footnotes":""},"categories":[21],"tags":[],"class_list":["post-18546","post","type-post","status-publish","format-standard","has-post-thumbnail","hentry","category-nacional"],"jetpack_featured_media_url":"https:\/\/laserenaradio.cl\/web\/wp-content\/uploads\/2025\/08\/homepiaiextractoscrapimg_webpProfesorPinochet_1.webp","jetpack_sharing_enabled":true,"_links":{"self":[{"href":"https:\/\/laserenaradio.cl\/web\/wp-json\/wp\/v2\/posts\/18546","targetHints":{"allow":["GET"]}}],"collection":[{"href":"https:\/\/laserenaradio.cl\/web\/wp-json\/wp\/v2\/posts"}],"about":[{"href":"https:\/\/laserenaradio.cl\/web\/wp-json\/wp\/v2\/types\/post"}],"author":[{"embeddable":true,"href":"https:\/\/laserenaradio.cl\/web\/wp-json\/wp\/v2\/users\/2"}],"replies":[{"embeddable":true,"href":"https:\/\/laserenaradio.cl\/web\/wp-json\/wp\/v2\/comments?post=18546"}],"version-history":[{"count":3,"href":"https:\/\/laserenaradio.cl\/web\/wp-json\/wp\/v2\/posts\/18546\/revisions"}],"predecessor-version":[{"id":18549,"href":"https:\/\/laserenaradio.cl\/web\/wp-json\/wp\/v2\/posts\/18546\/revisions\/18549"}],"wp:featuredmedia":[{"embeddable":true,"href":"https:\/\/laserenaradio.cl\/web\/wp-json\/wp\/v2\/media\/18545"}],"wp:attachment":[{"href":"https:\/\/laserenaradio.cl\/web\/wp-json\/wp\/v2\/media?parent=18546"}],"wp:term":[{"taxonomy":"category","embeddable":true,"href":"https:\/\/laserenaradio.cl\/web\/wp-json\/wp\/v2\/categories?post=18546"},{"taxonomy":"post_tag","embeddable":true,"href":"https:\/\/laserenaradio.cl\/web\/wp-json\/wp\/v2\/tags?post=18546"}],"curies":[{"name":"wp","href":"https:\/\/api.w.org\/{rel}","templated":true}]}}