{"id":18540,"date":"2025-08-06T09:42:10","date_gmt":"2025-08-06T12:42:10","guid":{"rendered":"https:\/\/laserenaradio.cl\/web\/?p=18540"},"modified":"2025-08-06T09:42:10","modified_gmt":"2025-08-06T12:42:10","slug":"detienen-a-profugo-por-homicidio-tras-intentar-atropellar-policias","status":"publish","type":"post","link":"https:\/\/laserenaradio.cl\/web\/2025\/08\/06\/detienen-a-profugo-por-homicidio-tras-intentar-atropellar-policias\/","title":{"rendered":"Detienen a pr\u00f3fugo por homicidio tras intentar atropellar polic\u00edas."},"content":{"rendered":"<p>Personal de la Secci\u00f3n de Investigaciones Policiales (SIP) de <a href=\"https:\/\/www.carabineros.cl\/\">Carabineros<\/a> detuvo a un hombre pr\u00f3fugo de la justicia durante un control vehicular en una estaci\u00f3n de servicio de Melipilla. El sujeto se encontraba cargando combustible cuando fue identificado por los funcionarios.<\/p>\n<p>Las diligencias investigativas permitieron establecer que este individuo ten\u00eda una orden pendiente por los delitos de homicidio y porte ilegal de armas de fuego. En el momento de la intervenci\u00f3n, al menos cinco funcionarios bajaron r\u00e1pidamente desde un veh\u00edculo y se acercaron al autom\u00f3vil del sospechoso.<\/p>\n<p>Al reconocer la presencia policial, el hombre aceler\u00f3 su autom\u00f3vil en marcha atr\u00e1s con intenci\u00f3n de huir. Seg\u00fan los registros de las c\u00e1maras de seguridad, intent\u00f3 atropellar a los funcionarios de civil. Frente a la agresi\u00f3n inminente, los carabineros afectados hicieron uso de sus armas de servicio y dispararon contra el veh\u00edculo.<\/p>\n<p>Los disparos lograron detener la marcha del autom\u00f3vil sin que resultaran personas lesionadas. Los funcionarios redujeron e inmovilizaron al individuo en el lugar de los hechos.<\/p>\n<p>El pr\u00f3fugo, identificado como un \u201csujeto de inter\u00e9s de b\u00fasqueda criminal\u201d, qued\u00f3 bajo custodia y los antecedentes sobre su captura fueron entregados al Ministerio P\u00fablico. El capit\u00e1n Fernando Vivar, de la 24\u00aa Comisar\u00eda de Melipilla, explic\u00f3 que personal de la SIP logr\u00f3 dar con el paradero del individuo en mayo.<\/p>\n<p>El uniformado detall\u00f3 que este individuo intent\u00f3 atropellar a los funcionarios para darse a la fuga y que no resultaron personas lesionadas. El hombre detenido enfrentar\u00e1 un control de detenci\u00f3n durante ese mismo mi\u00e9rcoles.<\/p>\n","protected":false},"excerpt":{"rendered":"<p>Personal de la Secci\u00f3n de Investigaciones Policiales (SIP) de Carabineros detuvo a un hombre pr\u00f3fugo de la justicia durante un control vehicular en una estaci\u00f3n de servicio de Melipilla. El sujeto se encontraba cargando combustible cuando fue identificado por los funcionarios. Las diligencias investigativas permitieron establecer que este individuo ten\u00eda una orden pendiente por los [&hellip;]<\/p>\n","protected":false},"author":2,"featured_media":18539,"comment_status":"closed","ping_status":"open","sticky":false,"template":"","format":"standard","meta":{"_jetpack_memberships_contains_paid_content":false,"jnews-multi-image_gallery":[],"jnews_single_post":[],"jnews_primary_category":[],"jnews_social_meta":[],"jnews_paywall_metabox":[],"jnews_review":[],"enable_review":"","type":"","name":"","summary":"","brand":"","sku":"","good":[],"bad":[],"score_override":"","override_value":"","rating":[],"price":[],"jnews_override_counter":[],"jnews_post_split":[],"footnotes":""},"categories":[21],"tags":[],"class_list":["post-18540","post","type-post","status-publish","format-standard","has-post-thumbnail","hentry","category-nacional"],"jetpack_featured_media_url":"https:\/\/laserenaradio.cl\/web\/wp-content\/uploads\/2025\/08\/homepiaiextractoscrapimg_predeterminadalaserenaradio_nacional-10.webp","jetpack_sharing_enabled":true,"_links":{"self":[{"href":"https:\/\/laserenaradio.cl\/web\/wp-json\/wp\/v2\/posts\/18540","targetHints":{"allow":["GET"]}}],"collection":[{"href":"https:\/\/laserenaradio.cl\/web\/wp-json\/wp\/v2\/posts"}],"about":[{"href":"https:\/\/laserenaradio.cl\/web\/wp-json\/wp\/v2\/types\/post"}],"author":[{"embeddable":true,"href":"https:\/\/laserenaradio.cl\/web\/wp-json\/wp\/v2\/users\/2"}],"replies":[{"embeddable":true,"href":"https:\/\/laserenaradio.cl\/web\/wp-json\/wp\/v2\/comments?post=18540"}],"version-history":[{"count":1,"href":"https:\/\/laserenaradio.cl\/web\/wp-json\/wp\/v2\/posts\/18540\/revisions"}],"predecessor-version":[{"id":18541,"href":"https:\/\/laserenaradio.cl\/web\/wp-json\/wp\/v2\/posts\/18540\/revisions\/18541"}],"wp:featuredmedia":[{"embeddable":true,"href":"https:\/\/laserenaradio.cl\/web\/wp-json\/wp\/v2\/media\/18539"}],"wp:attachment":[{"href":"https:\/\/laserenaradio.cl\/web\/wp-json\/wp\/v2\/media?parent=18540"}],"wp:term":[{"taxonomy":"category","embeddable":true,"href":"https:\/\/laserenaradio.cl\/web\/wp-json\/wp\/v2\/categories?post=18540"},{"taxonomy":"post_tag","embeddable":true,"href":"https:\/\/laserenaradio.cl\/web\/wp-json\/wp\/v2\/tags?post=18540"}],"curies":[{"name":"wp","href":"https:\/\/api.w.org\/{rel}","templated":true}]}}