{"id":18521,"date":"2025-08-05T21:24:53","date_gmt":"2025-08-06T00:24:53","guid":{"rendered":"https:\/\/laserenaradio.cl\/web\/?p=18521"},"modified":"2025-08-05T21:24:53","modified_gmt":"2025-08-06T00:24:53","slug":"cuidador-informal-de-vehiculos-detenido-por-romper-parabrisas-de-conductora-en-la-serena","status":"publish","type":"post","link":"https:\/\/laserenaradio.cl\/web\/2025\/08\/05\/cuidador-informal-de-vehiculos-detenido-por-romper-parabrisas-de-conductora-en-la-serena\/","title":{"rendered":"Cuidador informal de veh\u00edculos detenido por romper parabrisas de conductora en La Serena"},"content":{"rendered":"<p>Detenido ciudador informal de veh\u00edculos despu\u00e9s de destruir parabrisas de conductora en La Serena.<\/p>\n<p>La Municipalidad de La Serena anunci\u00f3 medidas al respecto, destacando importantes acciones legales y preventivas.<\/p>\n<p>Incidente comenz\u00f3 cuando madre con hijo 8 a\u00f1os estacion\u00f3 veh\u00edculo calle Eduardo de la Barra Ruta 5. El cuidador exigi\u00f3 propina pagada adelantado, conductora se neg\u00f3 a pagar. El sujeto increp\u00f3 y amenaz\u00f3 a la mujer, que al regresar encontr\u00f3 el veh\u00edculo da\u00f1ado en el parabrisas posterior.<\/p>\n<p>La mujer present\u00f3 la denuncia formal en <a href=\"https:\/\/www.pdichile.cl\/\">PDI<\/a>, los detectives iniciaron la investigaci\u00f3n para detener al imputado de 41 a\u00f1os chileno. El detenido cuenta antecedentes por lesiones graves menos graves y amenazas.<\/p>\n<p>El Diputado Cristi\u00e1n Araya propuso un proyecto ley que sanciona el ejercicio ilegal cuidadores limpiaparabrisas en la v\u00eda p\u00fablica.<\/p>\n<p>La alcaldesa de La Serena, Daniela Norambuena, anunci\u00f3 que retomar\u00e1 ordenanza de prohibir y sancionar a estacionadores ilegales.<\/p>\n<p>Norambuena enfatiz\u00f3 que no se permitir\u00e1 intimidaci\u00f3n o delincuencia bajo excusa de cuidar autos, la propuesta buscar\u00e1 actuar con mayor fuerza frente a conductas problem\u00e1ticas.<\/p>\n","protected":false},"excerpt":{"rendered":"<p>Detenido ciudador informal de veh\u00edculos despu\u00e9s de destruir parabrisas de conductora en La Serena. La Municipalidad de La Serena anunci\u00f3 medidas al respecto, destacando importantes acciones legales y preventivas. Incidente comenz\u00f3 cuando madre con hijo 8 a\u00f1os estacion\u00f3 veh\u00edculo calle Eduardo de la Barra Ruta 5. El cuidador exigi\u00f3 propina pagada adelantado, conductora se neg\u00f3 [&hellip;]<\/p>\n","protected":false},"author":2,"featured_media":18520,"comment_status":"closed","ping_status":"open","sticky":false,"template":"","format":"standard","meta":{"_jetpack_memberships_contains_paid_content":false,"jnews-multi-image_gallery":[],"jnews_single_post":[],"jnews_primary_category":[],"jnews_social_meta":[],"jnews_paywall_metabox":[],"jnews_review":[],"enable_review":"","type":"","name":"","summary":"","brand":"","sku":"","good":[],"bad":[],"score_override":"","override_value":"","rating":[],"price":[],"jnews_override_counter":[],"jnews_post_split":[],"footnotes":""},"categories":[21],"tags":[],"class_list":["post-18521","post","type-post","status-publish","format-standard","has-post-thumbnail","hentry","category-nacional"],"jetpack_featured_media_url":"https:\/\/laserenaradio.cl\/web\/wp-content\/uploads\/2025\/08\/homepiaiextractoscrapimg_predeterminadalaserenaradio_nacional-8.webp","jetpack_sharing_enabled":true,"_links":{"self":[{"href":"https:\/\/laserenaradio.cl\/web\/wp-json\/wp\/v2\/posts\/18521","targetHints":{"allow":["GET"]}}],"collection":[{"href":"https:\/\/laserenaradio.cl\/web\/wp-json\/wp\/v2\/posts"}],"about":[{"href":"https:\/\/laserenaradio.cl\/web\/wp-json\/wp\/v2\/types\/post"}],"author":[{"embeddable":true,"href":"https:\/\/laserenaradio.cl\/web\/wp-json\/wp\/v2\/users\/2"}],"replies":[{"embeddable":true,"href":"https:\/\/laserenaradio.cl\/web\/wp-json\/wp\/v2\/comments?post=18521"}],"version-history":[{"count":1,"href":"https:\/\/laserenaradio.cl\/web\/wp-json\/wp\/v2\/posts\/18521\/revisions"}],"predecessor-version":[{"id":18522,"href":"https:\/\/laserenaradio.cl\/web\/wp-json\/wp\/v2\/posts\/18521\/revisions\/18522"}],"wp:featuredmedia":[{"embeddable":true,"href":"https:\/\/laserenaradio.cl\/web\/wp-json\/wp\/v2\/media\/18520"}],"wp:attachment":[{"href":"https:\/\/laserenaradio.cl\/web\/wp-json\/wp\/v2\/media?parent=18521"}],"wp:term":[{"taxonomy":"category","embeddable":true,"href":"https:\/\/laserenaradio.cl\/web\/wp-json\/wp\/v2\/categories?post=18521"},{"taxonomy":"post_tag","embeddable":true,"href":"https:\/\/laserenaradio.cl\/web\/wp-json\/wp\/v2\/tags?post=18521"}],"curies":[{"name":"wp","href":"https:\/\/api.w.org\/{rel}","templated":true}]}}