{"id":18518,"date":"2025-08-05T13:13:52","date_gmt":"2025-08-05T16:13:52","guid":{"rendered":"https:\/\/laserenaradio.cl\/web\/?p=18518"},"modified":"2025-08-05T13:13:52","modified_gmt":"2025-08-05T16:13:52","slug":"nivel-de-ninis-sigue-alto-en-chile","status":"publish","type":"post","link":"https:\/\/laserenaradio.cl\/web\/2025\/08\/05\/nivel-de-ninis-sigue-alto-en-chile\/","title":{"rendered":"Nivel de &#8220;ninis&#8221; sigue alto en Chile."},"content":{"rendered":"<p>En nuestro pa\u00eds, el problema de los \u201cninis\u201d -personas que ni estudian ni trabajan, especialmente j\u00f3venes- contin\u00faa afectando significativamente a la poblaci\u00f3n. Seg\u00fan datos del Instituto Nacional de Estad\u00edsticas (<a href=\"http:\/\/www.ine.cl\/\">INE<\/a>), en 2021 se reportaron aproximadamente 363 mil j\u00f3venes entre 15 y 24 a\u00f1os sin actividad alguna.<\/p>\n<p>Los informes recientes indican que el n\u00famero de \u201cninis\u201d ha experimentado una leve subida, pasando a alcanzar 336.604 en los \u00faltimos doce meses. Este an\u00e1lisis fue realizado por Tom\u00e1s Rau, economista de la Universidad Cat\u00f3lica, quien advirti\u00f3 sobre las posibles consecuencias negativas de esta tendencia. Seg\u00fan Rau, \u201c(\u2026) una generaci\u00f3n perdida en t\u00e9rms de capital humano y movilidad social\u201d ser\u00eda el resultado esperable.<\/p>\n<p>El experto tambi\u00e9n se\u00f1al\u00f3 que este fen\u00f3meno revela la fragilidad actual del mercado laboral juvenil, con tasas de desempleo que superan el 22%, llegando al 25% entre las mujeres. La distribuci\u00f3n se divide en 174 mil mujeres y 163 mil hombres sin actividad.<\/p>\n<p>Estos datos son contrastados por la \u00faltima Encuesta Nacional de Empleo (ENE) del <a href=\"http:\/\/www.ine.cl\/\">INE<\/a>, que revela una tasa de desocupaci\u00f3n general del 8,9% para el trimestre abril-junio de 2025. En la regi\u00f3n Metropolitana, esta cifra alcanza un 9,5%.<\/p>\n<p>La poblaci\u00f3n total en edad de trabajar asciende a 16.518.553 personas, con variaciones notables en las tasas de ocupaci\u00f3n. Se observ\u00f3 una reducci\u00f3n del -5,7% entre los j\u00f3venes de 15 a 24 a\u00f1os y un incremento del 2,8% entre los que tienen entre 35 y 44 a\u00f1os.<\/p>\n<p>El economista Tom\u00e1s Rau subraya la urgencia de dise\u00f1ar pol\u00edticas integrales para la inserci\u00f3n educativa y laboral, con enfoque especial en las mujeres j\u00f3venes. Seg\u00fan \u00e9l, \u201cChile no puede permitirse desaprovechar el talento y potencial de m\u00e1s de 336 mil j\u00f3venes\u201d.<\/p>\n","protected":false},"excerpt":{"rendered":"<p>En nuestro pa\u00eds, el problema de los \u201cninis\u201d -personas que ni estudian ni trabajan, especialmente j\u00f3venes- contin\u00faa afectando significativamente a la poblaci\u00f3n. Seg\u00fan datos del Instituto Nacional de Estad\u00edsticas (INE), en 2021 se reportaron aproximadamente 363 mil j\u00f3venes entre 15 y 24 a\u00f1os sin actividad alguna. Los informes recientes indican que el n\u00famero de \u201cninis\u201d [&hellip;]<\/p>\n","protected":false},"author":2,"featured_media":18517,"comment_status":"closed","ping_status":"open","sticky":false,"template":"","format":"standard","meta":{"_jetpack_memberships_contains_paid_content":false,"jnews-multi-image_gallery":[],"jnews_single_post":[],"jnews_primary_category":[],"jnews_social_meta":[],"jnews_paywall_metabox":[],"jnews_review":[],"enable_review":"","type":"","name":"","summary":"","brand":"","sku":"","good":[],"bad":[],"score_override":"","override_value":"","rating":[],"price":[],"jnews_override_counter":[],"jnews_post_split":[],"footnotes":""},"categories":[21],"tags":[],"class_list":["post-18518","post","type-post","status-publish","format-standard","has-post-thumbnail","hentry","category-nacional"],"jetpack_featured_media_url":"https:\/\/laserenaradio.cl\/web\/wp-content\/uploads\/2025\/08\/homepiaiextractoscrapimg_webpNivelChile_1.webp","jetpack_sharing_enabled":true,"_links":{"self":[{"href":"https:\/\/laserenaradio.cl\/web\/wp-json\/wp\/v2\/posts\/18518","targetHints":{"allow":["GET"]}}],"collection":[{"href":"https:\/\/laserenaradio.cl\/web\/wp-json\/wp\/v2\/posts"}],"about":[{"href":"https:\/\/laserenaradio.cl\/web\/wp-json\/wp\/v2\/types\/post"}],"author":[{"embeddable":true,"href":"https:\/\/laserenaradio.cl\/web\/wp-json\/wp\/v2\/users\/2"}],"replies":[{"embeddable":true,"href":"https:\/\/laserenaradio.cl\/web\/wp-json\/wp\/v2\/comments?post=18518"}],"version-history":[{"count":1,"href":"https:\/\/laserenaradio.cl\/web\/wp-json\/wp\/v2\/posts\/18518\/revisions"}],"predecessor-version":[{"id":18519,"href":"https:\/\/laserenaradio.cl\/web\/wp-json\/wp\/v2\/posts\/18518\/revisions\/18519"}],"wp:featuredmedia":[{"embeddable":true,"href":"https:\/\/laserenaradio.cl\/web\/wp-json\/wp\/v2\/media\/18517"}],"wp:attachment":[{"href":"https:\/\/laserenaradio.cl\/web\/wp-json\/wp\/v2\/media?parent=18518"}],"wp:term":[{"taxonomy":"category","embeddable":true,"href":"https:\/\/laserenaradio.cl\/web\/wp-json\/wp\/v2\/categories?post=18518"},{"taxonomy":"post_tag","embeddable":true,"href":"https:\/\/laserenaradio.cl\/web\/wp-json\/wp\/v2\/tags?post=18518"}],"curies":[{"name":"wp","href":"https:\/\/api.w.org\/{rel}","templated":true}]}}