{"id":18509,"date":"2025-08-05T09:48:24","date_gmt":"2025-08-05T12:48:24","guid":{"rendered":"https:\/\/laserenaradio.cl\/web\/?p=18509"},"modified":"2025-08-05T09:48:24","modified_gmt":"2025-08-05T12:48:24","slug":"johnny-herrera-critica-al-idolo-azul-por-su-escasa-inversion","status":"publish","type":"post","link":"https:\/\/laserenaradio.cl\/web\/2025\/08\/05\/johnny-herrera-critica-al-idolo-azul-por-su-escasa-inversion\/","title":{"rendered":"Johnny Herrera critica al \u00eddolo Azul por su escasa inversi\u00f3n"},"content":{"rendered":"<p>Johnny Herrera, \u00eddolo de Universidad de Chile, expres\u00f3 su preocupaci\u00f3n tras la derrota ante Cobresal. El exfutbolista asisti\u00f3 al Estadio Nacional y vivi\u00f3 en primera persona el triunfo de los &#8216;mineros&#8217;, que dej\u00f3 a los universitarios a seis puntos del l\u00edder Coquimbo.<\/p>\n<p>En redes sociales, Herrera realiz\u00f3 un breve pero significativo desahogo: &#8220;Cuando quieres ser campe\u00f3n con lo justo y guard\u00e1ndote hasta el \u00faltimo peso\u2026 no alcanza&#8221;. Adjunt\u00f3 una fotograf\u00eda del plantel dirigido por Gustavo \u00c1lvarez.<\/p>\n<p>Estas palabras de Johnny apuntan presumiblemente a Azul Azul, la compa\u00f1\u00eda que administra al conjunto laico. Espec\u00edficamente, tras los fichajes frustrados de Eduardo Vargas y Esteban Matus.<\/p>\n<p>Adem\u00e1s, Herrera ha criticado desde hace varios semestres lo que considera una poca inversi\u00f3n por parte de la dirigencia en materia de refuerzos.<\/p>\n","protected":false},"excerpt":{"rendered":"<p>Johnny Herrera, \u00eddolo de Universidad de Chile, expres\u00f3 su preocupaci\u00f3n tras la derrota ante Cobresal. El exfutbolista asisti\u00f3 al Estadio Nacional y vivi\u00f3 en primera persona el triunfo de los &#8216;mineros&#8217;, que dej\u00f3 a los universitarios a seis puntos del l\u00edder Coquimbo. En redes sociales, Herrera realiz\u00f3 un breve pero significativo desahogo: &#8220;Cuando quieres ser [&hellip;]<\/p>\n","protected":false},"author":2,"featured_media":18508,"comment_status":"closed","ping_status":"open","sticky":false,"template":"","format":"standard","meta":{"_jetpack_memberships_contains_paid_content":false,"jnews-multi-image_gallery":[],"jnews_single_post":[],"jnews_primary_category":[],"jnews_social_meta":[],"jnews_paywall_metabox":[],"jnews_review":[],"enable_review":"","type":"","name":"","summary":"","brand":"","sku":"","good":[],"bad":[],"score_override":"","override_value":"","rating":[],"price":[],"jnews_override_counter":[],"jnews_post_split":[],"footnotes":""},"categories":[84],"tags":[],"class_list":["post-18509","post","type-post","status-publish","format-standard","has-post-thumbnail","hentry","category-deportes"],"jetpack_featured_media_url":"https:\/\/laserenaradio.cl\/web\/wp-content\/uploads\/2025\/08\/homepiaiextractoscrapimg_webpJohnnyHerreraHerreraUniversidadChile_0.webp","jetpack_sharing_enabled":true,"_links":{"self":[{"href":"https:\/\/laserenaradio.cl\/web\/wp-json\/wp\/v2\/posts\/18509","targetHints":{"allow":["GET"]}}],"collection":[{"href":"https:\/\/laserenaradio.cl\/web\/wp-json\/wp\/v2\/posts"}],"about":[{"href":"https:\/\/laserenaradio.cl\/web\/wp-json\/wp\/v2\/types\/post"}],"author":[{"embeddable":true,"href":"https:\/\/laserenaradio.cl\/web\/wp-json\/wp\/v2\/users\/2"}],"replies":[{"embeddable":true,"href":"https:\/\/laserenaradio.cl\/web\/wp-json\/wp\/v2\/comments?post=18509"}],"version-history":[{"count":1,"href":"https:\/\/laserenaradio.cl\/web\/wp-json\/wp\/v2\/posts\/18509\/revisions"}],"predecessor-version":[{"id":18510,"href":"https:\/\/laserenaradio.cl\/web\/wp-json\/wp\/v2\/posts\/18509\/revisions\/18510"}],"wp:featuredmedia":[{"embeddable":true,"href":"https:\/\/laserenaradio.cl\/web\/wp-json\/wp\/v2\/media\/18508"}],"wp:attachment":[{"href":"https:\/\/laserenaradio.cl\/web\/wp-json\/wp\/v2\/media?parent=18509"}],"wp:term":[{"taxonomy":"category","embeddable":true,"href":"https:\/\/laserenaradio.cl\/web\/wp-json\/wp\/v2\/categories?post=18509"},{"taxonomy":"post_tag","embeddable":true,"href":"https:\/\/laserenaradio.cl\/web\/wp-json\/wp\/v2\/tags?post=18509"}],"curies":[{"name":"wp","href":"https:\/\/api.w.org\/{rel}","templated":true}]}}