{"id":18506,"date":"2025-08-05T09:46:37","date_gmt":"2025-08-05T12:46:37","guid":{"rendered":"https:\/\/laserenaradio.cl\/web\/?p=18506"},"modified":"2025-08-05T09:46:37","modified_gmt":"2025-08-05T12:46:37","slug":"atentado-a-un-ciudadano-chino-en-quinta-normal","status":"publish","type":"post","link":"https:\/\/laserenaradio.cl\/web\/2025\/08\/05\/atentado-a-un-ciudadano-chino-en-quinta-normal\/","title":{"rendered":"Atentado a un ciudadano chino en Quinta Normal."},"content":{"rendered":"<p>En estado grave se mantiene un ciudadano chino baleado en Quinta Normal. Todo ocurri\u00f3 la tarde de ayer cuando la v\u00edctima, de 53 a\u00f1os y propietario de una distribuidora de zapatos ubicada en Juan Miranda, sali\u00f3 a atender a una clienta. En este escenario, lleg\u00f3 un desconocido con rostro cubierto que, sin mediar di\u00e1logo, dispar\u00f3 a corta distancia en dos oportunidades y huy\u00f3 del lugar. <\/p>\n<p>El fiscal Centro Norte, Javier Mayer, indic\u00f3 que a\u00fan es incierto determinar la motivaci\u00f3n espec\u00edfica de este ataque armado. Agreg\u00f3 que la revisi\u00f3n de c\u00e1maras de seguridad y declaraciones de testigos podr\u00edan aportar claves para el desarrollo de la investigaci\u00f3n.<\/p>\n<p>Seg\u00fan inform\u00f3 el comisario Sergio Mendoza, de la Brigada de Homicidios de la <a href=\"https:\/\/www.pdichile.cl\/\">PDI<\/a>, el atacante huy\u00f3 en un autom\u00f3vil que lo esperaba en las inmediaciones del lugar del incidente. El hombre herido fue trasladado por sus trabajadores hasta el hospital San Juan de Dios, donde se someti\u00f3 a una intervenci\u00f3n quir\u00fargica durante las \u00faltimas horas.<\/p>\n","protected":false},"excerpt":{"rendered":"<p>En estado grave se mantiene un ciudadano chino baleado en Quinta Normal. Todo ocurri\u00f3 la tarde de ayer cuando la v\u00edctima, de 53 a\u00f1os y propietario de una distribuidora de zapatos ubicada en Juan Miranda, sali\u00f3 a atender a una clienta. En este escenario, lleg\u00f3 un desconocido con rostro cubierto que, sin mediar di\u00e1logo, dispar\u00f3 [&hellip;]<\/p>\n","protected":false},"author":2,"featured_media":18505,"comment_status":"closed","ping_status":"open","sticky":false,"template":"","format":"standard","meta":{"_jetpack_memberships_contains_paid_content":false,"jnews-multi-image_gallery":[],"jnews_single_post":[],"jnews_primary_category":[],"jnews_social_meta":[],"jnews_paywall_metabox":[],"jnews_review":[],"enable_review":"","type":"","name":"","summary":"","brand":"","sku":"","good":[],"bad":[],"score_override":"","override_value":"","rating":[],"price":[],"jnews_override_counter":[],"jnews_post_split":[],"footnotes":""},"categories":[21],"tags":[],"class_list":["post-18506","post","type-post","status-publish","format-standard","has-post-thumbnail","hentry","category-nacional"],"jetpack_featured_media_url":"https:\/\/laserenaradio.cl\/web\/wp-content\/uploads\/2025\/08\/homepiaiextractoscrapimg_webpciudadanochinoQuintaNormallugar_0.webp","jetpack_sharing_enabled":true,"_links":{"self":[{"href":"https:\/\/laserenaradio.cl\/web\/wp-json\/wp\/v2\/posts\/18506","targetHints":{"allow":["GET"]}}],"collection":[{"href":"https:\/\/laserenaradio.cl\/web\/wp-json\/wp\/v2\/posts"}],"about":[{"href":"https:\/\/laserenaradio.cl\/web\/wp-json\/wp\/v2\/types\/post"}],"author":[{"embeddable":true,"href":"https:\/\/laserenaradio.cl\/web\/wp-json\/wp\/v2\/users\/2"}],"replies":[{"embeddable":true,"href":"https:\/\/laserenaradio.cl\/web\/wp-json\/wp\/v2\/comments?post=18506"}],"version-history":[{"count":1,"href":"https:\/\/laserenaradio.cl\/web\/wp-json\/wp\/v2\/posts\/18506\/revisions"}],"predecessor-version":[{"id":18507,"href":"https:\/\/laserenaradio.cl\/web\/wp-json\/wp\/v2\/posts\/18506\/revisions\/18507"}],"wp:featuredmedia":[{"embeddable":true,"href":"https:\/\/laserenaradio.cl\/web\/wp-json\/wp\/v2\/media\/18505"}],"wp:attachment":[{"href":"https:\/\/laserenaradio.cl\/web\/wp-json\/wp\/v2\/media?parent=18506"}],"wp:term":[{"taxonomy":"category","embeddable":true,"href":"https:\/\/laserenaradio.cl\/web\/wp-json\/wp\/v2\/categories?post=18506"},{"taxonomy":"post_tag","embeddable":true,"href":"https:\/\/laserenaradio.cl\/web\/wp-json\/wp\/v2\/tags?post=18506"}],"curies":[{"name":"wp","href":"https:\/\/api.w.org\/{rel}","templated":true}]}}