{"id":18497,"date":"2025-08-05T09:09:19","date_gmt":"2025-08-05T12:09:19","guid":{"rendered":"https:\/\/laserenaradio.cl\/web\/?p=18497"},"modified":"2025-08-05T09:09:19","modified_gmt":"2025-08-05T12:09:19","slug":"suspension-del-gendarme-que-agredio-a-interno-con-golpes-de-pies-y-punos","status":"publish","type":"post","link":"https:\/\/laserenaradio.cl\/web\/2025\/08\/05\/suspension-del-gendarme-que-agredio-a-interno-con-golpes-de-pies-y-punos\/","title":{"rendered":"Suspensi\u00f3n del gendarme que agredi\u00f3 a interno con golpes de pies y pu\u00f1os."},"content":{"rendered":"<p>La Corte de Apelaciones de Valdivia orden\u00f3 la suspensi\u00f3n de un gendarme sentenciado por apremios ileg\u00edtimos contra un interno, a quien agredi\u00f3 con golpes de pies y pu\u00f1os en el penal de la capital regional de Los R\u00edos.<\/p>\n<p>Este caso se remonta a febrero de 2022, cuando en una inspecci\u00f3n efectuada en el m\u00f3dulo 43 del Complejo Penitenciario de Valdivia, el cabo Luis Candia abus\u00f3 del cargo e incumpli\u00f3 los protocolos de <a href=\"http:\/\/www.gendarmeria.gob.cl\/\">Gendarmer\u00eda<\/a>.<\/p>\n<p>De acuerdo con lo acreditado por la justicia, el gendarme traslad\u00f3 a un interno a un sector donde no habr\u00eda c\u00e1maras de vigilancia y procedi\u00f3 a darle golpes de pies, pu\u00f1os y con su bast\u00f3n retr\u00e1ctil, gener\u00e1ndole lesiones en la cabeza, brazos y espalda.<\/p>\n<p>El funcionario de <a href=\"http:\/\/www.gendarmeria.gob.cl\/\">Gendarmer\u00eda<\/a> fue formalizado y en un juicio abreviado reconoci\u00f3 su responsabilidad en el hecho, por lo que el Juzgado de Garant\u00eda lo sentenci\u00f3 a 61 d\u00edas de prisi\u00f3n, la que fue sustituida por la vigilancia a cargo del Centro de Reinserci\u00f3n Social de la misma <a href=\"http:\/\/www.gendarmeria.gob.cl\/\">Gendarmer\u00eda<\/a>.<\/p>\n<p>La defensa de la v\u00edctima de los apremios ileg\u00edtimos acudi\u00f3 a la Corte de Valdivia para exigir que, adem\u00e1s, se aplique la sanci\u00f3n accesoria de suspensi\u00f3n de su cargo, lo que en la primera sentencia no fue considerado por el Juzgado de Garant\u00eda.<\/p>\n<p>No obstante, tras una apelaci\u00f3n, se acogi\u00f3 la solicitud y fue suspendido del cargo durante el tiempo de la sentencia (61 d\u00edas).<\/p>\n<p>El abogado querellante del Centro de Investigaci\u00f3n y Defensa Sur, Eduardo Painevilo, ahora espera que el funcionario sea dado de baja de <a href=\"http:\/\/www.gendarmeria.gob.cl\/\">Gendarmer\u00eda<\/a>.<\/p>\n<p>El abogado indic\u00f3 que en principio debe ser la instituci\u00f3n penitenciaria mediante la v\u00eda administrativa la que ejecute la baja del cabo sentenciado, aunque no descart\u00f3 evaluar alg\u00fan tipo de recurso o acci\u00f3n legal para exigir que se concrete su salida.<\/p>\n<p>Adem\u00e1s, record\u00f3 que la Convenci\u00f3n contra la tortura y otros tratos crueles, a la que est\u00e1 suscrita Chile, obliga a los Estados a prevenir, perseguir y sancionar este tipo de delitos, sobre todos cuando son cometidos por funcionarios p\u00fablicos.<\/p>\n","protected":false},"excerpt":{"rendered":"<p>La Corte de Apelaciones de Valdivia orden\u00f3 la suspensi\u00f3n de un gendarme sentenciado por apremios ileg\u00edtimos contra un interno, a quien agredi\u00f3 con golpes de pies y pu\u00f1os en el penal de la capital regional de Los R\u00edos. Este caso se remonta a febrero de 2022, cuando en una inspecci\u00f3n efectuada en el m\u00f3dulo 43 [&hellip;]<\/p>\n","protected":false},"author":2,"featured_media":18496,"comment_status":"closed","ping_status":"open","sticky":false,"template":"","format":"standard","meta":{"_jetpack_memberships_contains_paid_content":false,"jnews-multi-image_gallery":[],"jnews_single_post":[],"jnews_primary_category":[],"jnews_social_meta":[],"jnews_paywall_metabox":[],"jnews_review":[],"enable_review":"","type":"","name":"","summary":"","brand":"","sku":"","good":[],"bad":[],"score_override":"","override_value":"","rating":[],"price":[],"jnews_override_counter":[],"jnews_post_split":[],"footnotes":""},"categories":[21],"tags":[],"class_list":["post-18497","post","type-post","status-publish","format-standard","has-post-thumbnail","hentry","category-nacional"],"jetpack_featured_media_url":"https:\/\/laserenaradio.cl\/web\/wp-content\/uploads\/2025\/08\/homepiaiextractoscrapimg_predeterminadalaserenaradio_nacional-6.webp","jetpack_sharing_enabled":true,"_links":{"self":[{"href":"https:\/\/laserenaradio.cl\/web\/wp-json\/wp\/v2\/posts\/18497","targetHints":{"allow":["GET"]}}],"collection":[{"href":"https:\/\/laserenaradio.cl\/web\/wp-json\/wp\/v2\/posts"}],"about":[{"href":"https:\/\/laserenaradio.cl\/web\/wp-json\/wp\/v2\/types\/post"}],"author":[{"embeddable":true,"href":"https:\/\/laserenaradio.cl\/web\/wp-json\/wp\/v2\/users\/2"}],"replies":[{"embeddable":true,"href":"https:\/\/laserenaradio.cl\/web\/wp-json\/wp\/v2\/comments?post=18497"}],"version-history":[{"count":1,"href":"https:\/\/laserenaradio.cl\/web\/wp-json\/wp\/v2\/posts\/18497\/revisions"}],"predecessor-version":[{"id":18498,"href":"https:\/\/laserenaradio.cl\/web\/wp-json\/wp\/v2\/posts\/18497\/revisions\/18498"}],"wp:featuredmedia":[{"embeddable":true,"href":"https:\/\/laserenaradio.cl\/web\/wp-json\/wp\/v2\/media\/18496"}],"wp:attachment":[{"href":"https:\/\/laserenaradio.cl\/web\/wp-json\/wp\/v2\/media?parent=18497"}],"wp:term":[{"taxonomy":"category","embeddable":true,"href":"https:\/\/laserenaradio.cl\/web\/wp-json\/wp\/v2\/categories?post=18497"},{"taxonomy":"post_tag","embeddable":true,"href":"https:\/\/laserenaradio.cl\/web\/wp-json\/wp\/v2\/tags?post=18497"}],"curies":[{"name":"wp","href":"https:\/\/api.w.org\/{rel}","templated":true}]}}