{"id":18494,"date":"2025-08-04T15:41:54","date_gmt":"2025-08-04T18:41:54","guid":{"rendered":"https:\/\/laserenaradio.cl\/web\/?p=18494"},"modified":"2025-08-04T15:41:54","modified_gmt":"2025-08-04T18:41:54","slug":"jorge-almiron-pierde-interes-en-dirigir-a-colo-colo","status":"publish","type":"post","link":"https:\/\/laserenaradio.cl\/web\/2025\/08\/04\/jorge-almiron-pierde-interes-en-dirigir-a-colo-colo\/","title":{"rendered":"Jorge Almir\u00f3n pierde inter\u00e9s en dirigir a Colo Colo"},"content":{"rendered":"<p>El presente de Colo Colo en el Campeonato Nacional 2025 es muy poco alentador. El empate 2-2 frente a Huachipato en el Estadio Monumental dej\u00f3 dos puntos en el camino, adem\u00e1s de expulsar nuevamente a Jorge Almir\u00f3n.<\/p>\n<p>En su programa La Hora de King Kong, Juan Crist\u00f3bal Guarello denunci\u00f3 que Almir\u00f3n estar\u00eda completamente desconectado del proyecto albo. Las charlas t\u00e9cnicas habr\u00edan reducido a un simple formalidad: &#8220;Buenos d\u00edas, hoy jugamos con Huachipato, tienen buenos jugadores y hagan lo que puedan&#8221;.<\/p>\n<p>El periodista afirm\u00f3 que Almir\u00f3n opera en modo Gareca, desinteresado e ausente. Seg\u00fan Guarello, el DT albo est\u00e1 esperando su despido. &#8220;Est\u00e1 completamente &#8216;garequeando&#8217;, en modo Gareca total&#8221;, expres\u00f3.<\/p>\n<p>Guarello sugiri\u00f3 que Almir\u00f3n env\u00eda un mensaje codificado a los dirigentes: &#8220;Como yo me hago echar, en el fondo quiero que me echen de Colo Colo&#8221;. La posible respuesta es econ\u00f3mica. Almir\u00f3n firm\u00f3 hasta diciembre 2025 y rescindirlo tendr\u00eda costos altos para Blanco y Negro.<\/p>\n<p>Con tres tarjetas rojas en lo que va del a\u00f1o, todas por conducta antideportiva, Almir\u00f3n sigue en el cargo sin motivaci\u00f3n ni liderazgo.<\/p>\n","protected":false},"excerpt":{"rendered":"<p>El presente de Colo Colo en el Campeonato Nacional 2025 es muy poco alentador. El empate 2-2 frente a Huachipato en el Estadio Monumental dej\u00f3 dos puntos en el camino, adem\u00e1s de expulsar nuevamente a Jorge Almir\u00f3n. En su programa La Hora de King Kong, Juan Crist\u00f3bal Guarello denunci\u00f3 que Almir\u00f3n estar\u00eda completamente desconectado del [&hellip;]<\/p>\n","protected":false},"author":2,"featured_media":18493,"comment_status":"closed","ping_status":"open","sticky":false,"template":"","format":"standard","meta":{"_jetpack_memberships_contains_paid_content":false,"jnews-multi-image_gallery":[],"jnews_single_post":[],"jnews_primary_category":[],"jnews_social_meta":[],"jnews_paywall_metabox":[],"jnews_review":[],"enable_review":"","type":"","name":"","summary":"","brand":"","sku":"","good":[],"bad":[],"score_override":"","override_value":"","rating":[],"price":[],"jnews_override_counter":[],"jnews_post_split":[],"footnotes":""},"categories":[84],"tags":[],"class_list":["post-18494","post","type-post","status-publish","format-standard","has-post-thumbnail","hentry","category-deportes"],"jetpack_featured_media_url":"https:\/\/laserenaradio.cl\/web\/wp-content\/uploads\/2025\/08\/homepiaiextractoscrapimg_webpColoColoGuarelloHuachipatoJorge_0.webp","jetpack_sharing_enabled":true,"_links":{"self":[{"href":"https:\/\/laserenaradio.cl\/web\/wp-json\/wp\/v2\/posts\/18494","targetHints":{"allow":["GET"]}}],"collection":[{"href":"https:\/\/laserenaradio.cl\/web\/wp-json\/wp\/v2\/posts"}],"about":[{"href":"https:\/\/laserenaradio.cl\/web\/wp-json\/wp\/v2\/types\/post"}],"author":[{"embeddable":true,"href":"https:\/\/laserenaradio.cl\/web\/wp-json\/wp\/v2\/users\/2"}],"replies":[{"embeddable":true,"href":"https:\/\/laserenaradio.cl\/web\/wp-json\/wp\/v2\/comments?post=18494"}],"version-history":[{"count":1,"href":"https:\/\/laserenaradio.cl\/web\/wp-json\/wp\/v2\/posts\/18494\/revisions"}],"predecessor-version":[{"id":18495,"href":"https:\/\/laserenaradio.cl\/web\/wp-json\/wp\/v2\/posts\/18494\/revisions\/18495"}],"wp:featuredmedia":[{"embeddable":true,"href":"https:\/\/laserenaradio.cl\/web\/wp-json\/wp\/v2\/media\/18493"}],"wp:attachment":[{"href":"https:\/\/laserenaradio.cl\/web\/wp-json\/wp\/v2\/media?parent=18494"}],"wp:term":[{"taxonomy":"category","embeddable":true,"href":"https:\/\/laserenaradio.cl\/web\/wp-json\/wp\/v2\/categories?post=18494"},{"taxonomy":"post_tag","embeddable":true,"href":"https:\/\/laserenaradio.cl\/web\/wp-json\/wp\/v2\/tags?post=18494"}],"curies":[{"name":"wp","href":"https:\/\/api.w.org\/{rel}","templated":true}]}}