{"id":18479,"date":"2025-08-04T10:37:11","date_gmt":"2025-08-04T13:37:11","guid":{"rendered":"https:\/\/laserenaradio.cl\/web\/?p=18479"},"modified":"2025-08-04T10:37:11","modified_gmt":"2025-08-04T13:37:11","slug":"reapertura-del-paso-fronterizo-los-libertadores","status":"publish","type":"post","link":"https:\/\/laserenaradio.cl\/web\/2025\/08\/04\/reapertura-del-paso-fronterizo-los-libertadores\/","title":{"rendered":"Reapertura del Paso Fronterizo Los Libertadores."},"content":{"rendered":"<p>La jornada de este lunes se inform\u00f3 la apertura del Paso Fronterizo Los Libertadores, en la regi\u00f3n de Valpara\u00edso. Espec\u00edficamente, el complejo quedar\u00e1 habilitado para el tr\u00e1nsito vehicular a partir de las 09:00 horas.<\/p>\n<p>Cabe recordar que esta apertura se da tras un cierre que dur\u00f3 cuatro d\u00edas. Desde la Delegaci\u00f3n Presidencial Provincial de Los Andes se se\u00f1al\u00f3 que el paso estar\u00e1 abierto &#8220;para todo tipo de veh\u00edculos&#8221;.<\/p>\n<p>Adem\u00e1s, se hizo un llamado a la ciudadan\u00eda para que monitoree la red social X (ex Twitter) para estar informada sobre las condiciones del paso fronterizo.<\/p>\n","protected":false},"excerpt":{"rendered":"<p>La jornada de este lunes se inform\u00f3 la apertura del Paso Fronterizo Los Libertadores, en la regi\u00f3n de Valpara\u00edso. Espec\u00edficamente, el complejo quedar\u00e1 habilitado para el tr\u00e1nsito vehicular a partir de las 09:00 horas. Cabe recordar que esta apertura se da tras un cierre que dur\u00f3 cuatro d\u00edas. Desde la Delegaci\u00f3n Presidencial Provincial de Los [&hellip;]<\/p>\n","protected":false},"author":2,"featured_media":18478,"comment_status":"closed","ping_status":"open","sticky":false,"template":"","format":"standard","meta":{"_jetpack_memberships_contains_paid_content":false,"jnews-multi-image_gallery":[],"jnews_single_post":[],"jnews_primary_category":[],"jnews_social_meta":[],"jnews_paywall_metabox":[],"jnews_review":[],"enable_review":"","type":"","name":"","summary":"","brand":"","sku":"","good":[],"bad":[],"score_override":"","override_value":"","rating":[],"price":[],"jnews_override_counter":[],"jnews_post_split":[],"footnotes":""},"categories":[21],"tags":[],"class_list":["post-18479","post","type-post","status-publish","format-standard","has-post-thumbnail","hentry","category-nacional"],"jetpack_featured_media_url":"https:\/\/laserenaradio.cl\/web\/wp-content\/uploads\/2025\/08\/homepiaiextractoscrapimg_webpReaperturaPaso_0.webp","jetpack_sharing_enabled":true,"_links":{"self":[{"href":"https:\/\/laserenaradio.cl\/web\/wp-json\/wp\/v2\/posts\/18479","targetHints":{"allow":["GET"]}}],"collection":[{"href":"https:\/\/laserenaradio.cl\/web\/wp-json\/wp\/v2\/posts"}],"about":[{"href":"https:\/\/laserenaradio.cl\/web\/wp-json\/wp\/v2\/types\/post"}],"author":[{"embeddable":true,"href":"https:\/\/laserenaradio.cl\/web\/wp-json\/wp\/v2\/users\/2"}],"replies":[{"embeddable":true,"href":"https:\/\/laserenaradio.cl\/web\/wp-json\/wp\/v2\/comments?post=18479"}],"version-history":[{"count":1,"href":"https:\/\/laserenaradio.cl\/web\/wp-json\/wp\/v2\/posts\/18479\/revisions"}],"predecessor-version":[{"id":18480,"href":"https:\/\/laserenaradio.cl\/web\/wp-json\/wp\/v2\/posts\/18479\/revisions\/18480"}],"wp:featuredmedia":[{"embeddable":true,"href":"https:\/\/laserenaradio.cl\/web\/wp-json\/wp\/v2\/media\/18478"}],"wp:attachment":[{"href":"https:\/\/laserenaradio.cl\/web\/wp-json\/wp\/v2\/media?parent=18479"}],"wp:term":[{"taxonomy":"category","embeddable":true,"href":"https:\/\/laserenaradio.cl\/web\/wp-json\/wp\/v2\/categories?post=18479"},{"taxonomy":"post_tag","embeddable":true,"href":"https:\/\/laserenaradio.cl\/web\/wp-json\/wp\/v2\/tags?post=18479"}],"curies":[{"name":"wp","href":"https:\/\/api.w.org\/{rel}","templated":true}]}}