{"id":18476,"date":"2025-08-04T10:30:40","date_gmt":"2025-08-04T13:30:40","guid":{"rendered":"https:\/\/laserenaradio.cl\/web\/?p=18476"},"modified":"2025-08-04T10:30:40","modified_gmt":"2025-08-04T13:30:40","slug":"chile-entra-en-duelo-nacional-por-los-seis-mineros-fallecidos-de-codelco","status":"publish","type":"post","link":"https:\/\/laserenaradio.cl\/web\/2025\/08\/04\/chile-entra-en-duelo-nacional-por-los-seis-mineros-fallecidos-de-codelco\/","title":{"rendered":"Chile entra en duelo nacional por los seis mineros fallecidos de Codelco"},"content":{"rendered":"<p>La ministra vocera de Gobierno, Camila Vallejo, abord\u00f3 la tragedia ocurrida en la mina El Teniente de Codelco en Rancagua, regi\u00f3n de O\u2019Higgins, donde seis trabajadores fallecieron. El presidente Gabriel Boric decret\u00f3 3 d\u00edas de duelo nacional tras el hallazgo del \u00faltimo cuerpo desaparecido.<\/p>\n<p>Vallejo explic\u00f3 que la medida busca honrar las memorias de los trabajadores de Codelco y subrayar la importancia de la seguridad laboral. Al ser consultada sobre las declaraciones del presidente, quien habl\u00f3 de hacer justicia, Vallejo enfatiz\u00f3 que lo principal es conocer la verdad.<\/p>\n<p>\u201cAqu\u00ed es muy importante, no s\u00e9 si para la tranquilidad de las familias, porque son seres queridos que no van a volver, lo que se espera de la justicia es que al menos establezca la verdad de los hechos\u201d, se\u00f1al\u00f3 Vallejo. A\u00f1adi\u00f3: \u201cpor eso el Presidente fue muy enf\u00e1tico que, resguardando la autonom\u00eda de los poderes, las investigaciones avancen lo m\u00e1s r\u00e1pido posible para conocer la verdad\u201d.<\/p>\n<p>Vallejo tambi\u00e9n hizo referencia a las declaraciones del presidente del directorio de Codelco, M\u00e1ximo Pacheco. \u201cSaber las responsabilidades, como dijo tambi\u00e9n el presidente del directorio de Codelco, en qu\u00e9 fall\u00f3 Codelco, porque algo aqu\u00ed fall\u00f3, qu\u00e9 se hizo mal, pero tambi\u00e9n para establecer las responsabilidades. Eso es darle justicia a las familias\u201d, complement\u00f3 la ministra.<\/p>\n<p>Finalmente, Vallejo hizo un llamado a las instituciones investigadoras para que act\u00faen con m\u00e1xima celeridad: \u201cEsto no solo beneficia a las familias sino que tambi\u00e9n establece precedentes importantes en seguridad laboral y responsabilidad empresarial\u201d.<\/p>\n","protected":false},"excerpt":{"rendered":"<p>La ministra vocera de Gobierno, Camila Vallejo, abord\u00f3 la tragedia ocurrida en la mina El Teniente de Codelco en Rancagua, regi\u00f3n de O\u2019Higgins, donde seis trabajadores fallecieron. El presidente Gabriel Boric decret\u00f3 3 d\u00edas de duelo nacional tras el hallazgo del \u00faltimo cuerpo desaparecido. Vallejo explic\u00f3 que la medida busca honrar las memorias de los [&hellip;]<\/p>\n","protected":false},"author":2,"featured_media":18475,"comment_status":"closed","ping_status":"open","sticky":false,"template":"","format":"standard","meta":{"_jetpack_memberships_contains_paid_content":false,"jnews-multi-image_gallery":[],"jnews_single_post":[],"jnews_primary_category":[],"jnews_social_meta":[],"jnews_paywall_metabox":[],"jnews_review":[],"enable_review":"","type":"","name":"","summary":"","brand":"","sku":"","good":[],"bad":[],"score_override":"","override_value":"","rating":[],"price":[],"jnews_override_counter":[],"jnews_post_split":[],"footnotes":""},"categories":[21],"tags":[],"class_list":["post-18476","post","type-post","status-publish","format-standard","has-post-thumbnail","hentry","category-nacional"],"jetpack_featured_media_url":"https:\/\/laserenaradio.cl\/web\/wp-content\/uploads\/2025\/08\/homepiaiextractoscrapimg_webpCodelcoVallejopresidentejusticia_0.webp","jetpack_sharing_enabled":true,"_links":{"self":[{"href":"https:\/\/laserenaradio.cl\/web\/wp-json\/wp\/v2\/posts\/18476","targetHints":{"allow":["GET"]}}],"collection":[{"href":"https:\/\/laserenaradio.cl\/web\/wp-json\/wp\/v2\/posts"}],"about":[{"href":"https:\/\/laserenaradio.cl\/web\/wp-json\/wp\/v2\/types\/post"}],"author":[{"embeddable":true,"href":"https:\/\/laserenaradio.cl\/web\/wp-json\/wp\/v2\/users\/2"}],"replies":[{"embeddable":true,"href":"https:\/\/laserenaradio.cl\/web\/wp-json\/wp\/v2\/comments?post=18476"}],"version-history":[{"count":1,"href":"https:\/\/laserenaradio.cl\/web\/wp-json\/wp\/v2\/posts\/18476\/revisions"}],"predecessor-version":[{"id":18477,"href":"https:\/\/laserenaradio.cl\/web\/wp-json\/wp\/v2\/posts\/18476\/revisions\/18477"}],"wp:featuredmedia":[{"embeddable":true,"href":"https:\/\/laserenaradio.cl\/web\/wp-json\/wp\/v2\/media\/18475"}],"wp:attachment":[{"href":"https:\/\/laserenaradio.cl\/web\/wp-json\/wp\/v2\/media?parent=18476"}],"wp:term":[{"taxonomy":"category","embeddable":true,"href":"https:\/\/laserenaradio.cl\/web\/wp-json\/wp\/v2\/categories?post=18476"},{"taxonomy":"post_tag","embeddable":true,"href":"https:\/\/laserenaradio.cl\/web\/wp-json\/wp\/v2\/tags?post=18476"}],"curies":[{"name":"wp","href":"https:\/\/api.w.org\/{rel}","templated":true}]}}