{"id":18467,"date":"2025-08-04T08:56:22","date_gmt":"2025-08-04T11:56:22","guid":{"rendered":"https:\/\/laserenaradio.cl\/web\/?p=18467"},"modified":"2025-08-04T08:56:22","modified_gmt":"2025-08-04T11:56:22","slug":"bolsas-europeas-alzan-vuelo-tras-aranceles-de-estados-unidos","status":"publish","type":"post","link":"https:\/\/laserenaradio.cl\/web\/2025\/08\/04\/bolsas-europeas-alzan-vuelo-tras-aranceles-de-estados-unidos\/","title":{"rendered":"Bolsas europeas alzan vuelo tras aranceles de Estados Unidos"},"content":{"rendered":"<p>Los mercados respiraban con algo de alivio hoy tras la debacle del viernes, gatillada por los aranceles de \u00faltima hora anunciados por Donald Trump. Las bolsas europeas mostraban n\u00fameros verdes, buscando una tregua que les permitiera levantar cabeza en medio del riesgo geopol\u00edtico. Las alzas eran todav\u00eda t\u00edmidas, y hab\u00eda una bolsa que escapaba a las ganancias: Suiza. La bolsa de Z\u00fcrich perd\u00eda 0,5% luego de que a fines de la semana pasada Estados Unidos anunciara un arancel de 39% para las exportaciones suizas a ese mercado. El viernes fue feriado en Suiza, por lo que el golpe -atenuado- se sent\u00eda hoy.<\/p>\n<p>Europa se manten\u00eda atenta a los detalles de su acuerdo comercial con EEUU que deber\u00edan cerrarse esta semana. Falta por dilucidar el arancel definitivo para los autom\u00f3viles europeos, que podr\u00edan llegar a pagar 25% en la frontera estadounidense. Por el contrario, esta semana debiera concretarse la exenci\u00f3n de aranceles para algunos productos europeos como piezas de aviones y otros bienes industriales estrat\u00e9gicos.<\/p>\n<p>Los futuros en Wall Street sub\u00edan en torno a 0,6% tras la fuerte ca\u00edda del viernes. Los inversionistas estaban atentos a los resultados corporativos que se anunciar\u00e1n esta semana, y a los nombres que elegir\u00e1 Donald Trump para reemplazar a la gobernadora de la Fed, Adriana Kugler, quien renunci\u00f3 a su cargo; y a Erika McEntafer, encargada de estad\u00edsticas laborales del gobierno estadounidense, despedida por Trump la semana pasada. En el mercado se comenta que el o la reemplazante de Kugler ser\u00edan alguien muy cercano al mandatario, y que posteriormente ocupar\u00e1 el cargo de presidente de la Fed, una vez que Jerome Powell deje el cargo en mayo de 2026.<\/p>\n","protected":false},"excerpt":{"rendered":"<p>Los mercados respiraban con algo de alivio hoy tras la debacle del viernes, gatillada por los aranceles de \u00faltima hora anunciados por Donald Trump. Las bolsas europeas mostraban n\u00fameros verdes, buscando una tregua que les permitiera levantar cabeza en medio del riesgo geopol\u00edtico. Las alzas eran todav\u00eda t\u00edmidas, y hab\u00eda una bolsa que escapaba a [&hellip;]<\/p>\n","protected":false},"author":2,"featured_media":18466,"comment_status":"closed","ping_status":"open","sticky":false,"template":"","format":"standard","meta":{"_jetpack_memberships_contains_paid_content":false,"jnews-multi-image_gallery":[],"jnews_single_post":[],"jnews_primary_category":[],"jnews_social_meta":[],"jnews_paywall_metabox":[],"jnews_review":[],"enable_review":"","type":"","name":"","summary":"","brand":"","sku":"","good":[],"bad":[],"score_override":"","override_value":"","rating":[],"price":[],"jnews_override_counter":[],"jnews_post_split":[],"footnotes":""},"categories":[85],"tags":[],"class_list":["post-18467","post","type-post","status-publish","format-standard","has-post-thumbnail","hentry","category-economia"],"jetpack_featured_media_url":"https:\/\/laserenaradio.cl\/web\/wp-content\/uploads\/2025\/08\/homepiaiextractoscrapimg_webpBolsasEstados_0.webp","jetpack_sharing_enabled":true,"_links":{"self":[{"href":"https:\/\/laserenaradio.cl\/web\/wp-json\/wp\/v2\/posts\/18467","targetHints":{"allow":["GET"]}}],"collection":[{"href":"https:\/\/laserenaradio.cl\/web\/wp-json\/wp\/v2\/posts"}],"about":[{"href":"https:\/\/laserenaradio.cl\/web\/wp-json\/wp\/v2\/types\/post"}],"author":[{"embeddable":true,"href":"https:\/\/laserenaradio.cl\/web\/wp-json\/wp\/v2\/users\/2"}],"replies":[{"embeddable":true,"href":"https:\/\/laserenaradio.cl\/web\/wp-json\/wp\/v2\/comments?post=18467"}],"version-history":[{"count":1,"href":"https:\/\/laserenaradio.cl\/web\/wp-json\/wp\/v2\/posts\/18467\/revisions"}],"predecessor-version":[{"id":18468,"href":"https:\/\/laserenaradio.cl\/web\/wp-json\/wp\/v2\/posts\/18467\/revisions\/18468"}],"wp:featuredmedia":[{"embeddable":true,"href":"https:\/\/laserenaradio.cl\/web\/wp-json\/wp\/v2\/media\/18466"}],"wp:attachment":[{"href":"https:\/\/laserenaradio.cl\/web\/wp-json\/wp\/v2\/media?parent=18467"}],"wp:term":[{"taxonomy":"category","embeddable":true,"href":"https:\/\/laserenaradio.cl\/web\/wp-json\/wp\/v2\/categories?post=18467"},{"taxonomy":"post_tag","embeddable":true,"href":"https:\/\/laserenaradio.cl\/web\/wp-json\/wp\/v2\/tags?post=18467"}],"curies":[{"name":"wp","href":"https:\/\/api.w.org\/{rel}","templated":true}]}}