{"id":18464,"date":"2025-08-03T20:31:05","date_gmt":"2025-08-03T23:31:05","guid":{"rendered":"https:\/\/laserenaradio.cl\/web\/?p=18464"},"modified":"2025-08-03T20:31:05","modified_gmt":"2025-08-03T23:31:05","slug":"decretan-duelo-nacional-por-la-tragedia-en-el-teniente","status":"publish","type":"post","link":"https:\/\/laserenaradio.cl\/web\/2025\/08\/03\/decretan-duelo-nacional-por-la-tragedia-en-el-teniente\/","title":{"rendered":"Decretan duelo nacional por la tragedia en El Teniente"},"content":{"rendered":"<p>La tarde del domingo, desde las oficinas de Codelco en Rancagua, el Presidente Gabriel Boric decret\u00f3 tres d\u00edas de duelo nacional por la tragedia en la mina El Teniente donde fallecieron seis trabajadores.<\/p>\n<p>&#8220;He decidido decretar tres d\u00edas de duelo nacional a partir de ahora hasta el martes 5 de agosto, para honrar la memoria de los miembros fallecidos y acompa\u00f1ar a las familias en su dolor&#8221;, dijo Boric en un punto de prensa.<\/p>\n<p>Boric entreg\u00f3 sus condolencias a las familias y a\u00f1adi\u00f3 que &#8220;el pueblo de Chile entero recibe esta noticia con pesar y dolor&#8221;.<\/p>\n<p>La medida implica que las reparticiones p\u00fablicas izalar\u00e1n la bandera a media asta como muestra de respeto.<\/p>\n<p>Al respecto, el jefe de Estado agreg\u00f3: &#8220;cuando ma\u00f1ana un ni\u00f1o en Cocham\u00f3, Tocopilla, Puerto Toro o en cualquier lugar de Chile, le pregunte a su profesor por qu\u00e9 la bandera est\u00e1 a media asta, este le responder\u00e1 que es por los seis mineros que perdieron la vida generando y trabajando por Chile, porque sabemos que la miner\u00eda ha sido hist\u00f3ricamente parte de la esencia de nuestro pa\u00eds&#8221;.<\/p>\n","protected":false},"excerpt":{"rendered":"<p>La tarde del domingo, desde las oficinas de Codelco en Rancagua, el Presidente Gabriel Boric decret\u00f3 tres d\u00edas de duelo nacional por la tragedia en la mina El Teniente donde fallecieron seis trabajadores. &#8220;He decidido decretar tres d\u00edas de duelo nacional a partir de ahora hasta el martes 5 de agosto, para honrar la memoria [&hellip;]<\/p>\n","protected":false},"author":2,"featured_media":18463,"comment_status":"closed","ping_status":"open","sticky":false,"template":"","format":"standard","meta":{"_jetpack_memberships_contains_paid_content":false,"jnews-multi-image_gallery":[],"jnews_single_post":[],"jnews_primary_category":[],"jnews_social_meta":[],"jnews_paywall_metabox":[],"jnews_review":[],"enable_review":"","type":"","name":"","summary":"","brand":"","sku":"","good":[],"bad":[],"score_override":"","override_value":"","rating":[],"price":[],"jnews_override_counter":[],"jnews_post_split":[],"footnotes":""},"categories":[21],"tags":[],"class_list":["post-18464","post","type-post","status-publish","format-standard","has-post-thumbnail","hentry","category-nacional"],"jetpack_featured_media_url":"https:\/\/laserenaradio.cl\/web\/wp-content\/uploads\/2025\/08\/homepiaiextractoscrapimg_webpduelonacionalChiletres_1.webp","jetpack_sharing_enabled":true,"_links":{"self":[{"href":"https:\/\/laserenaradio.cl\/web\/wp-json\/wp\/v2\/posts\/18464","targetHints":{"allow":["GET"]}}],"collection":[{"href":"https:\/\/laserenaradio.cl\/web\/wp-json\/wp\/v2\/posts"}],"about":[{"href":"https:\/\/laserenaradio.cl\/web\/wp-json\/wp\/v2\/types\/post"}],"author":[{"embeddable":true,"href":"https:\/\/laserenaradio.cl\/web\/wp-json\/wp\/v2\/users\/2"}],"replies":[{"embeddable":true,"href":"https:\/\/laserenaradio.cl\/web\/wp-json\/wp\/v2\/comments?post=18464"}],"version-history":[{"count":1,"href":"https:\/\/laserenaradio.cl\/web\/wp-json\/wp\/v2\/posts\/18464\/revisions"}],"predecessor-version":[{"id":18465,"href":"https:\/\/laserenaradio.cl\/web\/wp-json\/wp\/v2\/posts\/18464\/revisions\/18465"}],"wp:featuredmedia":[{"embeddable":true,"href":"https:\/\/laserenaradio.cl\/web\/wp-json\/wp\/v2\/media\/18463"}],"wp:attachment":[{"href":"https:\/\/laserenaradio.cl\/web\/wp-json\/wp\/v2\/media?parent=18464"}],"wp:term":[{"taxonomy":"category","embeddable":true,"href":"https:\/\/laserenaradio.cl\/web\/wp-json\/wp\/v2\/categories?post=18464"},{"taxonomy":"post_tag","embeddable":true,"href":"https:\/\/laserenaradio.cl\/web\/wp-json\/wp\/v2\/tags?post=18464"}],"curies":[{"name":"wp","href":"https:\/\/api.w.org\/{rel}","templated":true}]}}