{"id":18455,"date":"2025-08-03T11:25:50","date_gmt":"2025-08-03T14:25:50","guid":{"rendered":"https:\/\/laserenaradio.cl\/web\/?p=18455"},"modified":"2025-08-03T11:25:50","modified_gmt":"2025-08-03T14:25:50","slug":"iguana-producciones-niega-vinculos-con-animador-acusado-de-participar-en-homicidio","status":"publish","type":"post","link":"https:\/\/laserenaradio.cl\/web\/2025\/08\/03\/iguana-producciones-niega-vinculos-con-animador-acusado-de-participar-en-homicidio\/","title":{"rendered":"Iguana Producciones niega v\u00ednculos con animador acusado de participar en homicidio."},"content":{"rendered":"<p>Iguana Producciones afirm\u00f3 haber financiado eventos donde particip\u00f3 Francisco Kaminski. En el marco de la acusaci\u00f3n contra Wilson Verdugo, quien es apuntado como autor intelectual del crimen del &#8220;Rey de Meiggs&#8221;, la productora se\u00f1ala que tuvieron &#8220;relaciones comerciales&#8221; con Kaminski solo en cuatro ocasiones: las fondas de Fiestas Patrias de 2022, 2023 y 2024, adem\u00e1s de una presentaci\u00f3n del artista Pedro Fern\u00e1ndez en el Movistar Arena en enero de 2023. <\/p>\n<p>En esos eventos, Iguana Producciones se encarg\u00f3 de toda la producci\u00f3n, aportes de capital, inversi\u00f3n, promoci\u00f3n, contrataci\u00f3n de artistas y proveedores, seg\u00fan declararon desde la empresa. Adem\u00e1s, se\u00f1alaron que ya no hay ning\u00fan lazo comercial ni de otro tipo con Kaminski.<\/p>\n<p>Jorge Tom, gerente general de Iguana Producciones, no ha sido citado a declarar en el caso. Recordemos que Wilson Verdugo D\u00edaz sugiri\u00f3 en julio pasado que &#8220;Aqu\u00ed fue el Tom&#8221; al referirse al supuesto autor intelectual del crimen. La viuda de Jos\u00e9 Felipe Reyes Ossa tambi\u00e9n confirm\u00f3 que Kaminski y Tom eran conocidos por su pareja, quien prestaba dinero para producciones con este empresario.<\/p>\n<p>En un reportaje previo, se mencion\u00f3 un altercado entre Jorge Tom y el &#8220;Rey de Meiggs&#8221; en un show de Elvis Crespo en el casino Monticello. Este evento gener\u00f3 tensi\u00f3n cuando Felipe Reyes intent\u00f3 entrar al camar\u00edn, lo que caus\u00f3 conflicto con Tom.<\/p>\n","protected":false},"excerpt":{"rendered":"<p>Iguana Producciones afirm\u00f3 haber financiado eventos donde particip\u00f3 Francisco Kaminski. En el marco de la acusaci\u00f3n contra Wilson Verdugo, quien es apuntado como autor intelectual del crimen del &#8220;Rey de Meiggs&#8221;, la productora se\u00f1ala que tuvieron &#8220;relaciones comerciales&#8221; con Kaminski solo en cuatro ocasiones: las fondas de Fiestas Patrias de 2022, 2023 y 2024, adem\u00e1s [&hellip;]<\/p>\n","protected":false},"author":2,"featured_media":18454,"comment_status":"closed","ping_status":"open","sticky":false,"template":"","format":"standard","meta":{"_jetpack_memberships_contains_paid_content":false,"jnews-multi-image_gallery":[],"jnews_single_post":[],"jnews_primary_category":[],"jnews_social_meta":[],"jnews_paywall_metabox":[],"jnews_review":[],"enable_review":"","type":"","name":"","summary":"","brand":"","sku":"","good":[],"bad":[],"score_override":"","override_value":"","rating":[],"price":[],"jnews_override_counter":[],"jnews_post_split":[],"footnotes":""},"categories":[21],"tags":[],"class_list":["post-18455","post","type-post","status-publish","format-standard","has-post-thumbnail","hentry","category-nacional"],"jetpack_featured_media_url":"https:\/\/laserenaradio.cl\/web\/wp-content\/uploads\/2025\/08\/homepiaiextractoscrapimg_predeterminadalaserenaradio_nacional-3.webp","jetpack_sharing_enabled":true,"_links":{"self":[{"href":"https:\/\/laserenaradio.cl\/web\/wp-json\/wp\/v2\/posts\/18455","targetHints":{"allow":["GET"]}}],"collection":[{"href":"https:\/\/laserenaradio.cl\/web\/wp-json\/wp\/v2\/posts"}],"about":[{"href":"https:\/\/laserenaradio.cl\/web\/wp-json\/wp\/v2\/types\/post"}],"author":[{"embeddable":true,"href":"https:\/\/laserenaradio.cl\/web\/wp-json\/wp\/v2\/users\/2"}],"replies":[{"embeddable":true,"href":"https:\/\/laserenaradio.cl\/web\/wp-json\/wp\/v2\/comments?post=18455"}],"version-history":[{"count":1,"href":"https:\/\/laserenaradio.cl\/web\/wp-json\/wp\/v2\/posts\/18455\/revisions"}],"predecessor-version":[{"id":18456,"href":"https:\/\/laserenaradio.cl\/web\/wp-json\/wp\/v2\/posts\/18455\/revisions\/18456"}],"wp:featuredmedia":[{"embeddable":true,"href":"https:\/\/laserenaradio.cl\/web\/wp-json\/wp\/v2\/media\/18454"}],"wp:attachment":[{"href":"https:\/\/laserenaradio.cl\/web\/wp-json\/wp\/v2\/media?parent=18455"}],"wp:term":[{"taxonomy":"category","embeddable":true,"href":"https:\/\/laserenaradio.cl\/web\/wp-json\/wp\/v2\/categories?post=18455"},{"taxonomy":"post_tag","embeddable":true,"href":"https:\/\/laserenaradio.cl\/web\/wp-json\/wp\/v2\/tags?post=18455"}],"curies":[{"name":"wp","href":"https:\/\/api.w.org\/{rel}","templated":true}]}}