{"id":18452,"date":"2025-08-03T11:22:26","date_gmt":"2025-08-03T14:22:26","guid":{"rendered":"https:\/\/laserenaradio.cl\/web\/?p=18452"},"modified":"2025-08-03T11:22:26","modified_gmt":"2025-08-03T14:22:26","slug":"fallecieron-seis-trabajadores-atrapados-tras-derrumbe-en-mina-el-teniente","status":"publish","type":"post","link":"https:\/\/laserenaradio.cl\/web\/2025\/08\/03\/fallecieron-seis-trabajadores-atrapados-tras-derrumbe-en-mina-el-teniente\/","title":{"rendered":"Fallecieron seis trabajadores atrapados tras derrumbe en mina El Teniente."},"content":{"rendered":"<p>Este domingo se confirm\u00f3 que los seis trabajadores atrapados tras el derrumbe en la mina El Teniente de Rancagua han fallecido, luego del hallazgo de los \u00faltimos dos cuerpos que faltaban.<\/p>\n<p>Seg\u00fan informaci\u00f3n confirmada por Radio B\u00edo B\u00edo, uno de los cad\u00e1veres fue identificado por los equipos especializados de la Polic\u00eda de Investigaciones (<a href=\"https:\/\/www.pdichile.cl\/\">PDI<\/a>) como Jean Miranda Ibaceta. El otro cuerpo corresponde a Mois\u00e9s Pavez Armijo, lo que est\u00e1 siendo analizado por el <a href=\"http:\/\/www.sml.gob.cl\/\">Servicio M\u00e9dico Legal<\/a> (SML).<\/p>\n<p>A ellos se suman Paulo Mar\u00edn Tapia, quien hab\u00eda sido identificado el jueves tras el derrumbe en el yacimiento; Gonzalo N\u00fa\u00f1ez Caroca, cuyo cuerpo se encontr\u00f3 el s\u00e1bado y fue identificado esta madrugada. \u00c1lex Araya Acevedo y Carlos Andr\u00e9s Arancibia Valenzuela, ambos encontrados e identificados este domingo.<\/p>\n","protected":false},"excerpt":{"rendered":"<p>Este domingo se confirm\u00f3 que los seis trabajadores atrapados tras el derrumbe en la mina El Teniente de Rancagua han fallecido, luego del hallazgo de los \u00faltimos dos cuerpos que faltaban. Seg\u00fan informaci\u00f3n confirmada por Radio B\u00edo B\u00edo, uno de los cad\u00e1veres fue identificado por los equipos especializados de la Polic\u00eda de Investigaciones (PDI) como [&hellip;]<\/p>\n","protected":false},"author":2,"featured_media":18451,"comment_status":"closed","ping_status":"open","sticky":false,"template":"","format":"standard","meta":{"_jetpack_memberships_contains_paid_content":false,"jnews-multi-image_gallery":[],"jnews_single_post":[],"jnews_primary_category":[],"jnews_social_meta":[],"jnews_paywall_metabox":[],"jnews_review":[],"enable_review":"","type":"","name":"","summary":"","brand":"","sku":"","good":[],"bad":[],"score_override":"","override_value":"","rating":[],"price":[],"jnews_override_counter":[],"jnews_post_split":[],"footnotes":""},"categories":[21],"tags":[],"class_list":["post-18452","post","type-post","status-publish","format-standard","has-post-thumbnail","hentry","category-nacional"],"jetpack_featured_media_url":"https:\/\/laserenaradio.cl\/web\/wp-content\/uploads\/2025\/08\/homepiaiextractoscrapimg_predeterminadalaserenaradio_ultimo_minuto-2.webp","jetpack_sharing_enabled":true,"_links":{"self":[{"href":"https:\/\/laserenaradio.cl\/web\/wp-json\/wp\/v2\/posts\/18452","targetHints":{"allow":["GET"]}}],"collection":[{"href":"https:\/\/laserenaradio.cl\/web\/wp-json\/wp\/v2\/posts"}],"about":[{"href":"https:\/\/laserenaradio.cl\/web\/wp-json\/wp\/v2\/types\/post"}],"author":[{"embeddable":true,"href":"https:\/\/laserenaradio.cl\/web\/wp-json\/wp\/v2\/users\/2"}],"replies":[{"embeddable":true,"href":"https:\/\/laserenaradio.cl\/web\/wp-json\/wp\/v2\/comments?post=18452"}],"version-history":[{"count":1,"href":"https:\/\/laserenaradio.cl\/web\/wp-json\/wp\/v2\/posts\/18452\/revisions"}],"predecessor-version":[{"id":18453,"href":"https:\/\/laserenaradio.cl\/web\/wp-json\/wp\/v2\/posts\/18452\/revisions\/18453"}],"wp:featuredmedia":[{"embeddable":true,"href":"https:\/\/laserenaradio.cl\/web\/wp-json\/wp\/v2\/media\/18451"}],"wp:attachment":[{"href":"https:\/\/laserenaradio.cl\/web\/wp-json\/wp\/v2\/media?parent=18452"}],"wp:term":[{"taxonomy":"category","embeddable":true,"href":"https:\/\/laserenaradio.cl\/web\/wp-json\/wp\/v2\/categories?post=18452"},{"taxonomy":"post_tag","embeddable":true,"href":"https:\/\/laserenaradio.cl\/web\/wp-json\/wp\/v2\/tags?post=18452"}],"curies":[{"name":"wp","href":"https:\/\/api.w.org\/{rel}","templated":true}]}}