{"id":18446,"date":"2025-08-02T21:50:42","date_gmt":"2025-08-03T00:50:42","guid":{"rendered":"https:\/\/laserenaradio.cl\/web\/?p=18446"},"modified":"2025-08-02T21:50:42","modified_gmt":"2025-08-03T00:50:42","slug":"heung-min-son-deja-al-tottenham","status":"publish","type":"post","link":"https:\/\/laserenaradio.cl\/web\/2025\/08\/02\/heung-min-son-deja-al-tottenham\/","title":{"rendered":"Heung-Min Son deja al Tottenham."},"content":{"rendered":"<p>Heung-Min Son se despidi\u00f3 del Tottenham, equipo donde fue un \u00edcono. En una emotiva rueda de prensa antes del amistoso ante el Newcastle en Corea del Sur, anunci\u00f3 su partida tras 10 a\u00f1os. \u201cEs el momento m\u00e1s dif\u00edcil de mi carrera. Vine al norte de Londres como un ni\u00f1o que no sab\u00eda hablar ingl\u00e9s y dejo este club como un hombre muy orgulloso\u201d, expres\u00f3 entre l\u00e1grimas. El surcoreano se despedir\u00e1 con la camiseta n\u00famero 7, luciendo tambi\u00e9n la cinta de capit\u00e1n en su \u00faltimo partido.<\/p>\n<p>Son lleg\u00f3 al Tottenham en la temporada 2015-16, procedente del Bayer Leverkusen. A pesar de que inicialmente no tuvo un gran impacto como estrella mundial, el extremo se mantuvo en el club y culmin\u00f3 su etapa con importantes logros. En la campa\u00f1a pasada, conquist\u00f3 la UEFA Europa League, el \u00fanico t\u00edtulo de su carrera profesional.<\/p>\n<p>Durante toda su estancia en Londres, &#8220;Sonny&#8221; anot\u00f3 173 goles, convirti\u00e9ndose en el quinto m\u00e1ximo goleador hist\u00f3rico del Tottenham. Adem\u00e1s, es el s\u00e9ptimo futbolista con m\u00e1s presencias en compromisos oficiales (454). \u201cCon todo respeto, el club me est\u00e1 apoyando en esta decisi\u00f3n. Necesito un nuevo entorno para superarme. Necesito un peque\u00f1o cambio; 10 a\u00f1os es mucho tiempo\u201d, explic\u00f3.<\/p>\n<p>El atacante agradeci\u00f3 la lealtad de su afici\u00f3n y expres\u00f3 su deseo de que esta despedida sea oportuna. \u201cQuiero agradecer a toda la afici\u00f3n de los Spurs por tanto cari\u00f1o. Espero que esta despedida sea oportuna y que este sea el momento adecuado para tomar esa decisi\u00f3n. Espero que todos puedan aceptarlo y respetarlo\u201d, agreg\u00f3.<\/p>\n<p>El destino del surcoreano ahora estar\u00eda en la MLS, espec\u00edficamente con Los Angeles FC de Estados Unidos, seg\u00fan inform\u00f3 Fabrizio Romano. La operaci\u00f3n estar\u00eda en etapas finales luego del anuncio del atacante sobre su salida de Inglaterra.<\/p>\n","protected":false},"excerpt":{"rendered":"<p>Heung-Min Son se despidi\u00f3 del Tottenham, equipo donde fue un \u00edcono. En una emotiva rueda de prensa antes del amistoso ante el Newcastle en Corea del Sur, anunci\u00f3 su partida tras 10 a\u00f1os. \u201cEs el momento m\u00e1s dif\u00edcil de mi carrera. Vine al norte de Londres como un ni\u00f1o que no sab\u00eda hablar ingl\u00e9s y [&hellip;]<\/p>\n","protected":false},"author":2,"featured_media":18445,"comment_status":"closed","ping_status":"open","sticky":false,"template":"","format":"standard","meta":{"_jetpack_memberships_contains_paid_content":false,"jnews-multi-image_gallery":[],"jnews_single_post":[],"jnews_primary_category":[],"jnews_social_meta":[],"jnews_paywall_metabox":[],"jnews_review":[],"enable_review":"","type":"","name":"","summary":"","brand":"","sku":"","good":[],"bad":[],"score_override":"","override_value":"","rating":[],"price":[],"jnews_override_counter":[],"jnews_post_split":[],"footnotes":""},"categories":[84],"tags":[],"class_list":["post-18446","post","type-post","status-publish","format-standard","has-post-thumbnail","hentry","category-deportes"],"jetpack_featured_media_url":"https:\/\/laserenaradio.cl\/web\/wp-content\/uploads\/2025\/08\/homepiaiextractoscrapimg_webpHeungMin_1.webp","jetpack_sharing_enabled":true,"_links":{"self":[{"href":"https:\/\/laserenaradio.cl\/web\/wp-json\/wp\/v2\/posts\/18446","targetHints":{"allow":["GET"]}}],"collection":[{"href":"https:\/\/laserenaradio.cl\/web\/wp-json\/wp\/v2\/posts"}],"about":[{"href":"https:\/\/laserenaradio.cl\/web\/wp-json\/wp\/v2\/types\/post"}],"author":[{"embeddable":true,"href":"https:\/\/laserenaradio.cl\/web\/wp-json\/wp\/v2\/users\/2"}],"replies":[{"embeddable":true,"href":"https:\/\/laserenaradio.cl\/web\/wp-json\/wp\/v2\/comments?post=18446"}],"version-history":[{"count":1,"href":"https:\/\/laserenaradio.cl\/web\/wp-json\/wp\/v2\/posts\/18446\/revisions"}],"predecessor-version":[{"id":18447,"href":"https:\/\/laserenaradio.cl\/web\/wp-json\/wp\/v2\/posts\/18446\/revisions\/18447"}],"wp:featuredmedia":[{"embeddable":true,"href":"https:\/\/laserenaradio.cl\/web\/wp-json\/wp\/v2\/media\/18445"}],"wp:attachment":[{"href":"https:\/\/laserenaradio.cl\/web\/wp-json\/wp\/v2\/media?parent=18446"}],"wp:term":[{"taxonomy":"category","embeddable":true,"href":"https:\/\/laserenaradio.cl\/web\/wp-json\/wp\/v2\/categories?post=18446"},{"taxonomy":"post_tag","embeddable":true,"href":"https:\/\/laserenaradio.cl\/web\/wp-json\/wp\/v2\/tags?post=18446"}],"curies":[{"name":"wp","href":"https:\/\/api.w.org\/{rel}","templated":true}]}}