{"id":18440,"date":"2025-08-02T21:39:26","date_gmt":"2025-08-03T00:39:26","guid":{"rendered":"https:\/\/laserenaradio.cl\/web\/?p=18440"},"modified":"2025-08-02T21:39:26","modified_gmt":"2025-08-03T00:39:26","slug":"union-espanola-derroto-1-0-a-deportes-la-serena","status":"publish","type":"post","link":"https:\/\/laserenaradio.cl\/web\/2025\/08\/02\/union-espanola-derroto-1-0-a-deportes-la-serena\/","title":{"rendered":"Uni\u00f3n Espa\u00f1ola derrot\u00f3 1-0 a Deportes La Serena"},"content":{"rendered":"<p>Uni\u00f3n Espa\u00f1ola derrot\u00f3 1-0 a Deportes La Serena en Santa Laura, importante triunfo que eleva a 13 puntos a los hispanos. Con solo un punto de distancia, las aspiraciones de permanencia en la Liga de Primera 2025 se consolidan. Por su parte, Deportes La Serena queda estancado con 17 unidades en el decimotercer lugar.<\/p>\n<p>Un pase tempranero de Andr\u00e9s Zanini hacia los &#8216;papayeros&#8217; result\u00f3 crucial, llev\u00e1ndolo directamente a la roja tras una fea patada a solo 15 minutos del inicio. A partir de ese momento, Uni\u00f3n Espa\u00f1ola tom\u00f3 el control del partido.<\/p>\n<p>A pesar de la escasa claridad en ataque y los constantes gritos de los hinchas presentes, fue Pablo Ar\u00e1nguiz quien logr\u00f3 la apertura del marcador a 75 minutos del final, con un preciso centro desviado por Sebasti\u00e1n Pereira. <\/p>\n<p>Con un hombre de m\u00e1s, Uni\u00f3n Espa\u00f1ola se refugi\u00f3 en su defensa para asegurar el resultado, fortaleciendo sus posibilidades de salvaci\u00f3n. El pr\u00f3ximo fin de semana, el equipo espa\u00f1ol visitar\u00e1 a Universidad de Chile en busca de mantenerse en la categor\u00eda.<\/p>\n<p>Por su parte, Deportes La Serena buscar\u00e1 finalmente su primera victoria en seis partidos al recibir a O&#8217;Higgins en el siguiente compromiso de la Liga de Primera 2025.<\/p>\n","protected":false},"excerpt":{"rendered":"<p>Uni\u00f3n Espa\u00f1ola derrot\u00f3 1-0 a Deportes La Serena en Santa Laura, importante triunfo que eleva a 13 puntos a los hispanos. Con solo un punto de distancia, las aspiraciones de permanencia en la Liga de Primera 2025 se consolidan. Por su parte, Deportes La Serena queda estancado con 17 unidades en el decimotercer lugar. Un [&hellip;]<\/p>\n","protected":false},"author":2,"featured_media":18439,"comment_status":"closed","ping_status":"open","sticky":false,"template":"","format":"standard","meta":{"_jetpack_memberships_contains_paid_content":false,"jnews-multi-image_gallery":[],"jnews_single_post":[],"jnews_primary_category":[],"jnews_social_meta":[],"jnews_paywall_metabox":[],"jnews_review":[],"enable_review":"","type":"","name":"","summary":"","brand":"","sku":"","good":[],"bad":[],"score_override":"","override_value":"","rating":[],"price":[],"jnews_override_counter":[],"jnews_post_split":[],"footnotes":""},"categories":[84],"tags":[],"class_list":["post-18440","post","type-post","status-publish","format-standard","has-post-thumbnail","hentry","category-deportes"],"jetpack_featured_media_url":"https:\/\/laserenaradio.cl\/web\/wp-content\/uploads\/2025\/08\/homepiaiextractoscrapimg_webpsoloLigaPrimeraparte_1.webp","jetpack_sharing_enabled":true,"_links":{"self":[{"href":"https:\/\/laserenaradio.cl\/web\/wp-json\/wp\/v2\/posts\/18440","targetHints":{"allow":["GET"]}}],"collection":[{"href":"https:\/\/laserenaradio.cl\/web\/wp-json\/wp\/v2\/posts"}],"about":[{"href":"https:\/\/laserenaradio.cl\/web\/wp-json\/wp\/v2\/types\/post"}],"author":[{"embeddable":true,"href":"https:\/\/laserenaradio.cl\/web\/wp-json\/wp\/v2\/users\/2"}],"replies":[{"embeddable":true,"href":"https:\/\/laserenaradio.cl\/web\/wp-json\/wp\/v2\/comments?post=18440"}],"version-history":[{"count":1,"href":"https:\/\/laserenaradio.cl\/web\/wp-json\/wp\/v2\/posts\/18440\/revisions"}],"predecessor-version":[{"id":18441,"href":"https:\/\/laserenaradio.cl\/web\/wp-json\/wp\/v2\/posts\/18440\/revisions\/18441"}],"wp:featuredmedia":[{"embeddable":true,"href":"https:\/\/laserenaradio.cl\/web\/wp-json\/wp\/v2\/media\/18439"}],"wp:attachment":[{"href":"https:\/\/laserenaradio.cl\/web\/wp-json\/wp\/v2\/media?parent=18440"}],"wp:term":[{"taxonomy":"category","embeddable":true,"href":"https:\/\/laserenaradio.cl\/web\/wp-json\/wp\/v2\/categories?post=18440"},{"taxonomy":"post_tag","embeddable":true,"href":"https:\/\/laserenaradio.cl\/web\/wp-json\/wp\/v2\/tags?post=18440"}],"curies":[{"name":"wp","href":"https:\/\/api.w.org\/{rel}","templated":true}]}}