{"id":18431,"date":"2025-08-02T21:28:14","date_gmt":"2025-08-03T00:28:14","guid":{"rendered":"https:\/\/laserenaradio.cl\/web\/?p=18431"},"modified":"2025-08-02T21:28:14","modified_gmt":"2025-08-03T00:28:14","slug":"identifican-restos-humanos-de-minero-fallecido","status":"publish","type":"post","link":"https:\/\/laserenaradio.cl\/web\/2025\/08\/02\/identifican-restos-humanos-de-minero-fallecido\/","title":{"rendered":"Identifican restos humanos de minero fallecido"},"content":{"rendered":"<p>Luego de que Codelco confirmara el hallazgo de restos humanos durante la b\u00fasqueda de los trabajadores desaparecidos, las autoridades de la <a href=\"https:\/\/www.pdichile.cl\/\">PDI<\/a> y el Ministerio P\u00fablico intensificaron sus esfuerzos para identificar al minero fallecido. Autoridades del Ministerio P\u00fablico y la Polic\u00eda de Investigaciones se encuentran en el lugar realizando las labores correspondientes.<\/p>\n<p>El jefe regional de la <a href=\"https:\/\/www.pdichile.cl\/\">PDI<\/a>, Julio Caro, explic\u00f3 que &#8220;nos hemos trasladado al puesto de mando con personal especializado, equipo de trabajo vertical, de alto riesgo, de la Brigada de Reacci\u00f3n T\u00e1ctica&#8221;. Personal se encuentra dentro de la mina trabajando junto a los equipos de rescate de Codelco, realizando la fijaci\u00f3n y el trabajo investigativo.<\/p>\n<p>En el lugar tambi\u00e9n est\u00e1n presentes el laboratorio de criminal\u00edstica y la Brigada de Homicidio de la <a href=\"https:\/\/www.pdichile.cl\/\">PDI<\/a>, &#8220;para el levantamiento de la evidencia necesaria y la identificaci\u00f3n del cad\u00e1ver&#8221;, complement\u00f3 Caro.<\/p>\n<p>Adem\u00e1s del personal de la <a href=\"https:\/\/www.pdichile.cl\/\">PDI<\/a> y del equipo de rescate de Codelco, hay tambi\u00e9n personal del Ministerio P\u00fablico coordinando acciones para agilizar las diligencias. El Fiscal Regional de O\u2019Higgins, Aquiles Cubillos, asegur\u00f3 que &#8220;desde ac\u00e1 en colaboraci\u00f3n con Codelco, estamos dirigiendo la estrategia para el levantamiento del cuerpo, las fijaciones fotogr\u00e1ficas y el trabajo del sitio del suceso&#8221;. Destac\u00f3 una coordinaci\u00f3n extraordinariamente positiva con la empresa Codelco.<\/p>\n<p>En la \u00faltima actualizaci\u00f3n por parte de Codelco se inform\u00f3 que en los frentes sur, norte y loop se ha avanzado un total de 22 metros lineales. Se han comenzado avances en el loop 1 con tres equipos &#8220;Load-Haul-Dump&#8221; (LHD) y 10 equipos menores.<\/p>\n<p>La cuadrilla de rescate compuesta por 100 personas contin\u00faa su labor en busca de los cuatro mineros que permanecen desaparecidos. Lamentablemente, ya son dos las p\u00e9rdidas humanas confirmadas desde el tr\u00e1gico derrumbe ocurrido el jueves en la tarde en la Divisi\u00f3n El Teniente.<\/p>\n","protected":false},"excerpt":{"rendered":"<p>Luego de que Codelco confirmara el hallazgo de restos humanos durante la b\u00fasqueda de los trabajadores desaparecidos, las autoridades de la PDI y el Ministerio P\u00fablico intensificaron sus esfuerzos para identificar al minero fallecido. Autoridades del Ministerio P\u00fablico y la Polic\u00eda de Investigaciones se encuentran en el lugar realizando las labores correspondientes. El jefe regional [&hellip;]<\/p>\n","protected":false},"author":2,"featured_media":18430,"comment_status":"closed","ping_status":"open","sticky":false,"template":"","format":"standard","meta":{"_jetpack_memberships_contains_paid_content":false,"jnews-multi-image_gallery":[],"jnews_single_post":[],"jnews_primary_category":[],"jnews_social_meta":[],"jnews_paywall_metabox":[],"jnews_review":[],"enable_review":"","type":"","name":"","summary":"","brand":"","sku":"","good":[],"bad":[],"score_override":"","override_value":"","rating":[],"price":[],"jnews_override_counter":[],"jnews_post_split":[],"footnotes":""},"categories":[21],"tags":[],"class_list":["post-18431","post","type-post","status-publish","format-standard","has-post-thumbnail","hentry","category-nacional"],"jetpack_featured_media_url":"https:\/\/laserenaradio.cl\/web\/wp-content\/uploads\/2025\/08\/homepiaiextractoscrapimg_predeterminadalaserenaradio_ultimo_minuto-1.webp","jetpack_sharing_enabled":true,"_links":{"self":[{"href":"https:\/\/laserenaradio.cl\/web\/wp-json\/wp\/v2\/posts\/18431","targetHints":{"allow":["GET"]}}],"collection":[{"href":"https:\/\/laserenaradio.cl\/web\/wp-json\/wp\/v2\/posts"}],"about":[{"href":"https:\/\/laserenaradio.cl\/web\/wp-json\/wp\/v2\/types\/post"}],"author":[{"embeddable":true,"href":"https:\/\/laserenaradio.cl\/web\/wp-json\/wp\/v2\/users\/2"}],"replies":[{"embeddable":true,"href":"https:\/\/laserenaradio.cl\/web\/wp-json\/wp\/v2\/comments?post=18431"}],"version-history":[{"count":1,"href":"https:\/\/laserenaradio.cl\/web\/wp-json\/wp\/v2\/posts\/18431\/revisions"}],"predecessor-version":[{"id":18432,"href":"https:\/\/laserenaradio.cl\/web\/wp-json\/wp\/v2\/posts\/18431\/revisions\/18432"}],"wp:featuredmedia":[{"embeddable":true,"href":"https:\/\/laserenaradio.cl\/web\/wp-json\/wp\/v2\/media\/18430"}],"wp:attachment":[{"href":"https:\/\/laserenaradio.cl\/web\/wp-json\/wp\/v2\/media?parent=18431"}],"wp:term":[{"taxonomy":"category","embeddable":true,"href":"https:\/\/laserenaradio.cl\/web\/wp-json\/wp\/v2\/categories?post=18431"},{"taxonomy":"post_tag","embeddable":true,"href":"https:\/\/laserenaradio.cl\/web\/wp-json\/wp\/v2\/tags?post=18431"}],"curies":[{"name":"wp","href":"https:\/\/api.w.org\/{rel}","templated":true}]}}