{"id":18428,"date":"2025-08-02T11:58:30","date_gmt":"2025-08-02T14:58:30","guid":{"rendered":"https:\/\/laserenaradio.cl\/web\/?p=18428"},"modified":"2025-08-02T11:58:30","modified_gmt":"2025-08-02T14:58:30","slug":"boric-visita-mina-el-teniente-tras-colapso","status":"publish","type":"post","link":"https:\/\/laserenaradio.cl\/web\/2025\/08\/02\/boric-visita-mina-el-teniente-tras-colapso\/","title":{"rendered":"Boric visita mina El Teniente tras colapso"},"content":{"rendered":"<p>Esta jornada, el presidente Gabriel Boric visit\u00f3 las dependencias de la mina El Teniente de Codelco en Rancagua, regi\u00f3n de O\u2019Higgins. <\/p>\n<p>Durante su visita, sostuvo una reuni\u00f3n con autoridades de la minera estatal y posiblemente con los familiares y seres queridos de los cinco mineros atrapados. <\/p>\n<p>La jornada cont\u00f3 con la participaci\u00f3n de importantes figuras como la ministra de Miner\u00eda, Aurora Williams, el ministro del Trabajo, Giorgio Boccardo, y el presidente del Directorio de Codelco, M\u00e1ximo Pacheco. <\/p>\n<p>Posteriormente, se espera que el jefe de Estado tenga una reuni\u00f3n con las familias afectadas. Seg\u00fan los \u00faltimos reportes, los equipos de rescate han avanzado 15 de los 20 metros necesarios para llegar al \u00e1rea del incidente.<\/p>\n","protected":false},"excerpt":{"rendered":"<p>Esta jornada, el presidente Gabriel Boric visit\u00f3 las dependencias de la mina El Teniente de Codelco en Rancagua, regi\u00f3n de O\u2019Higgins. Durante su visita, sostuvo una reuni\u00f3n con autoridades de la minera estatal y posiblemente con los familiares y seres queridos de los cinco mineros atrapados. La jornada cont\u00f3 con la participaci\u00f3n de importantes figuras [&hellip;]<\/p>\n","protected":false},"author":2,"featured_media":18427,"comment_status":"closed","ping_status":"open","sticky":false,"template":"","format":"standard","meta":{"_jetpack_memberships_contains_paid_content":false,"jnews-multi-image_gallery":[],"jnews_single_post":[],"jnews_primary_category":[],"jnews_social_meta":[],"jnews_paywall_metabox":[],"jnews_review":[],"enable_review":"","type":"","name":"","summary":"","brand":"","sku":"","good":[],"bad":[],"score_override":"","override_value":"","rating":[],"price":[],"jnews_override_counter":[],"jnews_post_split":[],"footnotes":""},"categories":[21],"tags":[],"class_list":["post-18428","post","type-post","status-publish","format-standard","has-post-thumbnail","hentry","category-nacional"],"jetpack_featured_media_url":"https:\/\/laserenaradio.cl\/web\/wp-content\/uploads\/2025\/08\/homepiaiextractoscrapimg_webpBoricTeniente_0.webp","jetpack_sharing_enabled":true,"_links":{"self":[{"href":"https:\/\/laserenaradio.cl\/web\/wp-json\/wp\/v2\/posts\/18428","targetHints":{"allow":["GET"]}}],"collection":[{"href":"https:\/\/laserenaradio.cl\/web\/wp-json\/wp\/v2\/posts"}],"about":[{"href":"https:\/\/laserenaradio.cl\/web\/wp-json\/wp\/v2\/types\/post"}],"author":[{"embeddable":true,"href":"https:\/\/laserenaradio.cl\/web\/wp-json\/wp\/v2\/users\/2"}],"replies":[{"embeddable":true,"href":"https:\/\/laserenaradio.cl\/web\/wp-json\/wp\/v2\/comments?post=18428"}],"version-history":[{"count":1,"href":"https:\/\/laserenaradio.cl\/web\/wp-json\/wp\/v2\/posts\/18428\/revisions"}],"predecessor-version":[{"id":18429,"href":"https:\/\/laserenaradio.cl\/web\/wp-json\/wp\/v2\/posts\/18428\/revisions\/18429"}],"wp:featuredmedia":[{"embeddable":true,"href":"https:\/\/laserenaradio.cl\/web\/wp-json\/wp\/v2\/media\/18427"}],"wp:attachment":[{"href":"https:\/\/laserenaradio.cl\/web\/wp-json\/wp\/v2\/media?parent=18428"}],"wp:term":[{"taxonomy":"category","embeddable":true,"href":"https:\/\/laserenaradio.cl\/web\/wp-json\/wp\/v2\/categories?post=18428"},{"taxonomy":"post_tag","embeddable":true,"href":"https:\/\/laserenaradio.cl\/web\/wp-json\/wp\/v2\/tags?post=18428"}],"curies":[{"name":"wp","href":"https:\/\/api.w.org\/{rel}","templated":true}]}}