{"id":18425,"date":"2025-08-02T11:56:47","date_gmt":"2025-08-02T14:56:47","guid":{"rendered":"https:\/\/laserenaradio.cl\/web\/?p=18425"},"modified":"2025-08-02T11:56:47","modified_gmt":"2025-08-02T14:56:47","slug":"codelco-incorpora-a-laurence-golborne-para-colaborar-en-rescate-minero","status":"publish","type":"post","link":"https:\/\/laserenaradio.cl\/web\/2025\/08\/02\/codelco-incorpora-a-laurence-golborne-para-colaborar-en-rescate-minero\/","title":{"rendered":"Codelco incorpora a Laurence Golborne para colaborar en rescate minero"},"content":{"rendered":"<p>Codelco confirm\u00f3 que Laurence Golborne se sum\u00f3 al Consejo Internacional de la Divisi\u00f3n El Teniente, para ayudar en la gesti\u00f3n del rescate de los cinco trabajadores atrapados. Golborne fue una figura crucial durante el exitoso rescate de los 33 mineros de la mina San Jos\u00e9 en 2010, destac\u00e1ndose su liderazgo bajo presi\u00f3n y su experiencia en miner\u00eda.<\/p>\n<p>El presidente del directorio de Codelco, M\u00e1ximo Pachecho, subray\u00f3 que Golborne aportar\u00e1 su experiencia en gesti\u00f3n de crisis y coordinaci\u00f3n de equipos multidisciplinarios. Ambos conversaron telef\u00f3nicamente sobre el papel crucial de Golborne en esta nueva posici\u00f3n.<\/p>\n<p>En el Consejo Internacional tambi\u00e9n se encuentran Andr\u00e9 Sougarret, expresidente ejecutivo de Codelco, l\u00edder t\u00e9cnico del rescate de los 33 mineros, y Octavio Araneda, tambi\u00e9n ex presidente ejecutivo. Sougarret es conocido por su rigurosidad y capacidad para resolver problemas complejos en situaciones extremas. Por su parte, Araneda aportar\u00e1 su profundo conocimiento de la operaci\u00f3n de El Teniente y su experiencia en proyectos de gran envergadura.<\/p>\n<p>Esta formaci\u00f3n de Consejo Internacional refuerza la capacidad de Codelco para manejar desaf\u00edos complejos y garantiza la continuidad de las lecciones aprendidas durante el rescate de los mineros.<\/p>\n","protected":false},"excerpt":{"rendered":"<p>Codelco confirm\u00f3 que Laurence Golborne se sum\u00f3 al Consejo Internacional de la Divisi\u00f3n El Teniente, para ayudar en la gesti\u00f3n del rescate de los cinco trabajadores atrapados. Golborne fue una figura crucial durante el exitoso rescate de los 33 mineros de la mina San Jos\u00e9 en 2010, destac\u00e1ndose su liderazgo bajo presi\u00f3n y su experiencia [&hellip;]<\/p>\n","protected":false},"author":2,"featured_media":18424,"comment_status":"closed","ping_status":"open","sticky":false,"template":"","format":"standard","meta":{"_jetpack_memberships_contains_paid_content":false,"jnews-multi-image_gallery":[],"jnews_single_post":[],"jnews_primary_category":[],"jnews_social_meta":[],"jnews_paywall_metabox":[],"jnews_review":[],"enable_review":"","type":"","name":"","summary":"","brand":"","sku":"","good":[],"bad":[],"score_override":"","override_value":"","rating":[],"price":[],"jnews_override_counter":[],"jnews_post_split":[],"footnotes":""},"categories":[21],"tags":[],"class_list":["post-18425","post","type-post","status-publish","format-standard","has-post-thumbnail","hentry","category-nacional"],"jetpack_featured_media_url":"https:\/\/laserenaradio.cl\/web\/wp-content\/uploads\/2025\/08\/homepiaiextractoscrapimg_webpCodelcorescateConsejoInternacionalGolborne_1.webp","jetpack_sharing_enabled":true,"_links":{"self":[{"href":"https:\/\/laserenaradio.cl\/web\/wp-json\/wp\/v2\/posts\/18425","targetHints":{"allow":["GET"]}}],"collection":[{"href":"https:\/\/laserenaradio.cl\/web\/wp-json\/wp\/v2\/posts"}],"about":[{"href":"https:\/\/laserenaradio.cl\/web\/wp-json\/wp\/v2\/types\/post"}],"author":[{"embeddable":true,"href":"https:\/\/laserenaradio.cl\/web\/wp-json\/wp\/v2\/users\/2"}],"replies":[{"embeddable":true,"href":"https:\/\/laserenaradio.cl\/web\/wp-json\/wp\/v2\/comments?post=18425"}],"version-history":[{"count":1,"href":"https:\/\/laserenaradio.cl\/web\/wp-json\/wp\/v2\/posts\/18425\/revisions"}],"predecessor-version":[{"id":18426,"href":"https:\/\/laserenaradio.cl\/web\/wp-json\/wp\/v2\/posts\/18425\/revisions\/18426"}],"wp:featuredmedia":[{"embeddable":true,"href":"https:\/\/laserenaradio.cl\/web\/wp-json\/wp\/v2\/media\/18424"}],"wp:attachment":[{"href":"https:\/\/laserenaradio.cl\/web\/wp-json\/wp\/v2\/media?parent=18425"}],"wp:term":[{"taxonomy":"category","embeddable":true,"href":"https:\/\/laserenaradio.cl\/web\/wp-json\/wp\/v2\/categories?post=18425"},{"taxonomy":"post_tag","embeddable":true,"href":"https:\/\/laserenaradio.cl\/web\/wp-json\/wp\/v2\/tags?post=18425"}],"curies":[{"name":"wp","href":"https:\/\/api.w.org\/{rel}","templated":true}]}}