{"id":18413,"date":"2025-08-02T10:27:14","date_gmt":"2025-08-02T13:27:14","guid":{"rendered":"https:\/\/laserenaradio.cl\/web\/?p=18413"},"modified":"2025-08-02T10:27:14","modified_gmt":"2025-08-02T13:27:14","slug":"sistema-frontal-causa-nevazones-e-interrupciones-viales-en-region-de-coquimbo","status":"publish","type":"post","link":"https:\/\/laserenaradio.cl\/web\/2025\/08\/02\/sistema-frontal-causa-nevazones-e-interrupciones-viales-en-region-de-coquimbo\/","title":{"rendered":"Sistema frontal causa nevazones e interrupciones viales en Regi\u00f3n de Coquimbo"},"content":{"rendered":"<p>El sistema frontal que afect\u00f3 este viernes a la Regi\u00f3n de Coquimbo dej\u00f3 intensas nevazones en distintas zonas cordilleranas. Espec\u00edficamente, las provincias de Elqui y Limar\u00ed amanecieron cubiertas por una capa blanca, generando hermosas im\u00e1genes invernales en redes sociales.<\/p>\n<p>Estas bellas postales motivaron a numerosos visitantes a intentar ascender hacia localidades como Pisco Elqui, El Molle y Alcohuaz. Como resultado, se observ\u00f3 un aumento significativo en el tr\u00e1fico vehicular hacia el Valle del Elqui mientras se registraban intensas lluvias.<\/p>\n<p>Ante esta situaci\u00f3n, las autoridades realizaron controles preventivos para garantizar la seguridad de los habitantes. Uno de estos puntos se estableci\u00f3 en el kil\u00f3metro 16 de la Ruta D-485, en Montegrande, con el fin de limitar el acceso a veh\u00edculos que no cumplieran con las condiciones de seguridad adecuadas y prevenir accidentes debido a las adversas condiciones del camino.<\/p>\n<p>Uno de los sectores m\u00e1s afectados fue la localidad de La Laguna, en la comuna de Vicu\u00f1a. De acuerdo con datos proporcionados por el Centro de Estudios Avanzados en Zonas \u00c1ridas (Ceaza), se registraron 62 cent\u00edmetros de nieve acumulada hasta las 16:00 horas del viernes 1 de agosto.<\/p>\n<p>La Municipalidad de Vicu\u00f1a inform\u00f3 que las condiciones clim\u00e1ticas provocaron el cierre de rutas, especialmente hacia el complejo fronterizo Juntas del Toro. Como medida preventiva, se dispuso un dispositivo de seguridad para evitar el tr\u00e1nsito hacia la zona.<\/p>\n<p>&#8220;Hay varios rodados en la carretera, por lo tanto est\u00e1 cortado el camino a la altura de Huanta&#8221;, detall\u00f3 el alcalde de Vicu\u00f1a, Mario Aros Carvajal. &#8220;Ah\u00ed hay una patrulla disponible de <a href=\"https:\/\/www.carabineros.cl\/\">Carabineros<\/a> que est\u00e1 impidiendo el paso&#8221;, agreg\u00f3.<\/p>\n<p>El sargento Alejandro Moreno, jefe (s) de la Tenencia Juntas del Toro, recomend\u00f3 a todas las personas no subir hasta estas instalaciones debido al sistema frontal en curso. &#8220;Podr\u00eda haber muchas remociones de masas en la ruta&#8221;, se\u00f1al\u00f3 Moreno. <\/p>\n<p>Durante la jornada, el paso permanecer\u00e1 cerrado y tendr\u00e1n una patrulla abajo, en el poblado de Huanta y sus alrededores, con la finalidad de advertir a los turistas que no suban.<\/p>\n","protected":false},"excerpt":{"rendered":"<p>El sistema frontal que afect\u00f3 este viernes a la Regi\u00f3n de Coquimbo dej\u00f3 intensas nevazones en distintas zonas cordilleranas. Espec\u00edficamente, las provincias de Elqui y Limar\u00ed amanecieron cubiertas por una capa blanca, generando hermosas im\u00e1genes invernales en redes sociales. Estas bellas postales motivaron a numerosos visitantes a intentar ascender hacia localidades como Pisco Elqui, El [&hellip;]<\/p>\n","protected":false},"author":2,"featured_media":18412,"comment_status":"closed","ping_status":"open","sticky":false,"template":"","format":"standard","meta":{"_jetpack_memberships_contains_paid_content":false,"jnews-multi-image_gallery":[],"jnews_single_post":[],"jnews_primary_category":[],"jnews_social_meta":[],"jnews_paywall_metabox":[],"jnews_review":[],"enable_review":"","type":"","name":"","summary":"","brand":"","sku":"","good":[],"bad":[],"score_override":"","override_value":"","rating":[],"price":[],"jnews_override_counter":[],"jnews_post_split":[],"footnotes":""},"categories":[21],"tags":[],"class_list":["post-18413","post","type-post","status-publish","format-standard","has-post-thumbnail","hentry","category-nacional"],"jetpack_featured_media_url":"https:\/\/laserenaradio.cl\/web\/wp-content\/uploads\/2025\/08\/homepiaiextractoscrapimg_predeterminadalaserenaradio_nacional-1.webp","jetpack_sharing_enabled":true,"_links":{"self":[{"href":"https:\/\/laserenaradio.cl\/web\/wp-json\/wp\/v2\/posts\/18413","targetHints":{"allow":["GET"]}}],"collection":[{"href":"https:\/\/laserenaradio.cl\/web\/wp-json\/wp\/v2\/posts"}],"about":[{"href":"https:\/\/laserenaradio.cl\/web\/wp-json\/wp\/v2\/types\/post"}],"author":[{"embeddable":true,"href":"https:\/\/laserenaradio.cl\/web\/wp-json\/wp\/v2\/users\/2"}],"replies":[{"embeddable":true,"href":"https:\/\/laserenaradio.cl\/web\/wp-json\/wp\/v2\/comments?post=18413"}],"version-history":[{"count":1,"href":"https:\/\/laserenaradio.cl\/web\/wp-json\/wp\/v2\/posts\/18413\/revisions"}],"predecessor-version":[{"id":18414,"href":"https:\/\/laserenaradio.cl\/web\/wp-json\/wp\/v2\/posts\/18413\/revisions\/18414"}],"wp:featuredmedia":[{"embeddable":true,"href":"https:\/\/laserenaradio.cl\/web\/wp-json\/wp\/v2\/media\/18412"}],"wp:attachment":[{"href":"https:\/\/laserenaradio.cl\/web\/wp-json\/wp\/v2\/media?parent=18413"}],"wp:term":[{"taxonomy":"category","embeddable":true,"href":"https:\/\/laserenaradio.cl\/web\/wp-json\/wp\/v2\/categories?post=18413"},{"taxonomy":"post_tag","embeddable":true,"href":"https:\/\/laserenaradio.cl\/web\/wp-json\/wp\/v2\/tags?post=18413"}],"curies":[{"name":"wp","href":"https:\/\/api.w.org\/{rel}","templated":true}]}}