{"id":18404,"date":"2025-08-01T21:35:31","date_gmt":"2025-08-02T00:35:31","guid":{"rendered":"https:\/\/laserenaradio.cl\/web\/?p=18404"},"modified":"2025-08-01T21:35:31","modified_gmt":"2025-08-02T00:35:31","slug":"colo-colo-denuncia-a-anfp-por-condiciones-del-estadio-de-ohiggins","status":"publish","type":"post","link":"https:\/\/laserenaradio.cl\/web\/2025\/08\/01\/colo-colo-denuncia-a-anfp-por-condiciones-del-estadio-de-ohiggins\/","title":{"rendered":"Colo Colo denuncia a ANFP por condiciones del estadio de O&#8217;Higgins."},"content":{"rendered":"<p>An\u00edbal Mosa, presidente de Colo Colo, envi\u00f3 una carta a la ANFP con una queja relacionada al duelo donde los albos igualaron 1-1 en su visita a O\u2019Higgins. <\/p>\n<p>Los celestes recibieron al \u2018Cacique\u2019 en el estadio Jorge Silva de San Fernando el pasado domingo, en un partido marcado por las pol\u00e9micas como la patada de Alan Saldivia que ameritaba tarjeta roja y por la cual solo recibi\u00f3 cartulina amarilla. <\/p>\n<p>Pero tambi\u00e9n hubo l\u00edos fuera de la cancha, como el entrevero entre un guardia personal de Mosa con un reportero local, que termin\u00f3 con el comunicador recibiendo asistencia m\u00e9dica.<\/p>\n<p>Por lo anterior, es que el mandam\u00e1s albo elev\u00f3 un reclamo al ente rector del f\u00fatbol chileno acusando que el recinto donde O\u2019Higgins ha actuado como local no est\u00e1 en condiciones para albergar duelos de la Liga de Primera. <\/p>\n<p>Mosa sostuvo que el reducto de San Fernando no re\u00fane las condiciones para albergar un partido del nivel como el que disputaron O\u2019Higgins y Colo Colo, revel\u00f3 ADN.<\/p>\n<p>Asimismo, el timonel de Blanco y Negro acus\u00f3 falta de medidas de seguridad para proteger a jugadores y dirigentes, y en ello, mencion\u00f3 el incidente con el reportero que se le acerc\u00f3 para entrevistarlo y sufri\u00f3 una ca\u00edda.<\/p>\n","protected":false},"excerpt":{"rendered":"<p>An\u00edbal Mosa, presidente de Colo Colo, envi\u00f3 una carta a la ANFP con una queja relacionada al duelo donde los albos igualaron 1-1 en su visita a O\u2019Higgins. Los celestes recibieron al \u2018Cacique\u2019 en el estadio Jorge Silva de San Fernando el pasado domingo, en un partido marcado por las pol\u00e9micas como la patada de [&hellip;]<\/p>\n","protected":false},"author":2,"featured_media":18403,"comment_status":"closed","ping_status":"open","sticky":false,"template":"","format":"standard","meta":{"_jetpack_memberships_contains_paid_content":false,"jnews-multi-image_gallery":[],"jnews_single_post":[],"jnews_primary_category":[],"jnews_social_meta":[],"jnews_paywall_metabox":[],"jnews_review":[],"enable_review":"","type":"","name":"","summary":"","brand":"","sku":"","good":[],"bad":[],"score_override":"","override_value":"","rating":[],"price":[],"jnews_override_counter":[],"jnews_post_split":[],"footnotes":""},"categories":[84],"tags":[],"class_list":["post-18404","post","type-post","status-publish","format-standard","has-post-thumbnail","hentry","category-deportes"],"jetpack_featured_media_url":"https:\/\/laserenaradio.cl\/web\/wp-content\/uploads\/2025\/08\/homepiaiextractoscrapimg_webpHigginsMosaColoColocondiciones_1.webp","jetpack_sharing_enabled":true,"_links":{"self":[{"href":"https:\/\/laserenaradio.cl\/web\/wp-json\/wp\/v2\/posts\/18404","targetHints":{"allow":["GET"]}}],"collection":[{"href":"https:\/\/laserenaradio.cl\/web\/wp-json\/wp\/v2\/posts"}],"about":[{"href":"https:\/\/laserenaradio.cl\/web\/wp-json\/wp\/v2\/types\/post"}],"author":[{"embeddable":true,"href":"https:\/\/laserenaradio.cl\/web\/wp-json\/wp\/v2\/users\/2"}],"replies":[{"embeddable":true,"href":"https:\/\/laserenaradio.cl\/web\/wp-json\/wp\/v2\/comments?post=18404"}],"version-history":[{"count":1,"href":"https:\/\/laserenaradio.cl\/web\/wp-json\/wp\/v2\/posts\/18404\/revisions"}],"predecessor-version":[{"id":18405,"href":"https:\/\/laserenaradio.cl\/web\/wp-json\/wp\/v2\/posts\/18404\/revisions\/18405"}],"wp:featuredmedia":[{"embeddable":true,"href":"https:\/\/laserenaradio.cl\/web\/wp-json\/wp\/v2\/media\/18403"}],"wp:attachment":[{"href":"https:\/\/laserenaradio.cl\/web\/wp-json\/wp\/v2\/media?parent=18404"}],"wp:term":[{"taxonomy":"category","embeddable":true,"href":"https:\/\/laserenaradio.cl\/web\/wp-json\/wp\/v2\/categories?post=18404"},{"taxonomy":"post_tag","embeddable":true,"href":"https:\/\/laserenaradio.cl\/web\/wp-json\/wp\/v2\/tags?post=18404"}],"curies":[{"name":"wp","href":"https:\/\/api.w.org\/{rel}","templated":true}]}}