{"id":18401,"date":"2025-08-01T19:14:15","date_gmt":"2025-08-01T22:14:15","guid":{"rendered":"https:\/\/laserenaradio.cl\/web\/?p=18401"},"modified":"2025-08-01T19:14:15","modified_gmt":"2025-08-01T22:14:15","slug":"codelco-promete-todo-lo-necesario-para-rescatar-a-trabajadores-atrapados","status":"publish","type":"post","link":"https:\/\/laserenaradio.cl\/web\/2025\/08\/01\/codelco-promete-todo-lo-necesario-para-rescatar-a-trabajadores-atrapados\/","title":{"rendered":"Codelco promete todo lo necesario para rescatar a trabajadores atrapados."},"content":{"rendered":"<p>La tarde de este viernes, el presidente del directorio de Codelco, M\u00e1ximo Pacheco, prometi\u00f3 hacer todo lo humanamente posible por rescatar a los cinco trabajadores desaparecidos tras el derrumbe en la mina El Teniente, en la regi\u00f3n de O\u2019Higgins.<\/p>\n<p>&#8220;Por nuestra historia, por nuestra trayectoria, por nuestras capacidades, hoy d\u00eda estamos en condiciones de hacer una promesa, y es la promesa m\u00e1s importante que haremos: que haremos todo lo humanamente posible por rescatar a los cinco trabajadores atrapados&#8221;. <\/p>\n<p>&#8220;Quiero que sepan que Codelco va a poner al servicio de esta tarea de rescate toda su inteligencia, capacidad y todos los recursos que sean necesarios para llegar donde est\u00e1n atrapados esos trabajadores&#8221;.<\/p>\n<p>El presidente del directorio resalt\u00f3 que las r\u00e9plicas y la sismicidad al interior de la mina han continuado, pero en forma decreciente. Est\u00e1 declinando, lo que evidentemente facilita nuestro trabajo y es una buena noticia. <\/p>\n<p>Sin embargo, dijo que el plan de rescate se desarrolla, lamentablemente, en un ambiente dif\u00edcil. Las pr\u00f3ximas 48 horas, como dijo Andr\u00e9s Music, son cr\u00edticas.<\/p>\n<p>&#8220;Tenemos 100 brigadistas. Probablemente el cuerpo de brigadistas m\u00e1s especializado, m\u00e1s profesional y con m\u00e1s experiencia en Chile en miner\u00eda subterr\u00e1nea trabajando hoy en el rescate&#8221;.<\/p>\n<p>Pacheco explic\u00f3 que se estaban desarrollando dos caminos para concretar el rescate. El primero, dijo, es entrar al lugar donde prev\u00e9n que est\u00e1n atrapados los cinco trabajadores a trav\u00e9s de la galer\u00eda donde ocurri\u00f3 el derrumbe. <\/p>\n<p>Para ello estamos usando equipos telecomandados desde Rancagua, desde donde est\u00e1 nuestro centro de interconexi\u00f3n operacional. Esto es un objetivo que apunta a la necesidad de remover el material y el mineral que ha ca\u00eddo producto del sismo en la galer\u00eda, y que necesitamos remover para poder acceder al lugar donde est\u00e1n atrapados.<\/p>\n<p>Esa labor, continu\u00f3, la est\u00e1n realizando con equipos aut\u00f3nomos, inteligentes y telecomandados, y evidentemente con un cuerpo altamente especializado en rescate, porque es un trabajo extraordinariamente delicado el remover esa cantidad de material sin arriesgar la posibilidad de que ah\u00ed tambi\u00e9n est\u00e9n personas.<\/p>\n<p>El segundo camino que est\u00e1n explorando en el plan de rescate es el que ya iniciaron con drones; los que hicieron ingresar a la mina para sobrevolar la zona de la galer\u00eda y finalmente saber c\u00f3mo podemos ingresar por ah\u00ed a rescatar a los trabajadores atrapados.<\/p>\n<p>Adicionalmente, como directorio, pedimos la autorizaci\u00f3n que se convocara al Consejo Internacional que tiene la divisi\u00f3n El Teniente hace muchos a\u00f1os, para monitorear lo que es la sismicidad, los aspectos geof\u00edsicos y geomec\u00e1nicos del yacimiento. Es un Consejo que lo integran las m\u00e1s altas personalidades; los m\u00e1s altos expertos internacionales en miner\u00eda subterr\u00e1nea.<\/p>\n<p>Toda la experiencia de nuestra empresa, conocimiento, energ\u00eda y fuerzas se ponen al servicio de esta causa, afirm\u00f3 Pacheco.<\/p>\n<p>Adem\u00e1s, hoy d\u00eda nada es m\u00e1s importante para nosotros que el apoyo a las familias afectadas tras la tragedia. Por tanto, aseguramos que se acord\u00f3 junto al presidente ejecutivo de la empresa el instalar un local de encuentro con las familias.<\/p>\n<p>All\u00ed, podr\u00e1n darles a ellos toda la informaci\u00f3n que necesitan, todo el apoyo que necesitan y que sientan nuestro afecto y solidaridad. <\/p>\n<p>Nos comprometemos a seguir dando informes regulares de lo que estamos haciendo, de lo que estamos avanzando y, de esa manera, aclarar las preguntas que tengan ustedes (prensa) y la opini\u00f3n p\u00fablica.<\/p>\n","protected":false},"excerpt":{"rendered":"<p>La tarde de este viernes, el presidente del directorio de Codelco, M\u00e1ximo Pacheco, prometi\u00f3 hacer todo lo humanamente posible por rescatar a los cinco trabajadores desaparecidos tras el derrumbe en la mina El Teniente, en la regi\u00f3n de O\u2019Higgins. &#8220;Por nuestra historia, por nuestra trayectoria, por nuestras capacidades, hoy d\u00eda estamos en condiciones de hacer [&hellip;]<\/p>\n","protected":false},"author":2,"featured_media":18400,"comment_status":"closed","ping_status":"open","sticky":false,"template":"","format":"standard","meta":{"_jetpack_memberships_contains_paid_content":false,"jnews-multi-image_gallery":[],"jnews_single_post":[],"jnews_primary_category":[],"jnews_social_meta":[],"jnews_paywall_metabox":[],"jnews_review":[],"enable_review":"","type":"","name":"","summary":"","brand":"","sku":"","good":[],"bad":[],"score_override":"","override_value":"","rating":[],"price":[],"jnews_override_counter":[],"jnews_post_split":[],"footnotes":""},"categories":[21],"tags":[],"class_list":["post-18401","post","type-post","status-publish","format-standard","has-post-thumbnail","hentry","category-nacional"],"jetpack_featured_media_url":"https:\/\/laserenaradio.cl\/web\/wp-content\/uploads\/2025\/08\/homepiaiextractoscrapimg_predeterminadalaserenaradio_ultimo_minuto.webp","jetpack_sharing_enabled":true,"_links":{"self":[{"href":"https:\/\/laserenaradio.cl\/web\/wp-json\/wp\/v2\/posts\/18401","targetHints":{"allow":["GET"]}}],"collection":[{"href":"https:\/\/laserenaradio.cl\/web\/wp-json\/wp\/v2\/posts"}],"about":[{"href":"https:\/\/laserenaradio.cl\/web\/wp-json\/wp\/v2\/types\/post"}],"author":[{"embeddable":true,"href":"https:\/\/laserenaradio.cl\/web\/wp-json\/wp\/v2\/users\/2"}],"replies":[{"embeddable":true,"href":"https:\/\/laserenaradio.cl\/web\/wp-json\/wp\/v2\/comments?post=18401"}],"version-history":[{"count":1,"href":"https:\/\/laserenaradio.cl\/web\/wp-json\/wp\/v2\/posts\/18401\/revisions"}],"predecessor-version":[{"id":18402,"href":"https:\/\/laserenaradio.cl\/web\/wp-json\/wp\/v2\/posts\/18401\/revisions\/18402"}],"wp:featuredmedia":[{"embeddable":true,"href":"https:\/\/laserenaradio.cl\/web\/wp-json\/wp\/v2\/media\/18400"}],"wp:attachment":[{"href":"https:\/\/laserenaradio.cl\/web\/wp-json\/wp\/v2\/media?parent=18401"}],"wp:term":[{"taxonomy":"category","embeddable":true,"href":"https:\/\/laserenaradio.cl\/web\/wp-json\/wp\/v2\/categories?post=18401"},{"taxonomy":"post_tag","embeddable":true,"href":"https:\/\/laserenaradio.cl\/web\/wp-json\/wp\/v2\/tags?post=18401"}],"curies":[{"name":"wp","href":"https:\/\/api.w.org\/{rel}","templated":true}]}}