{"id":18392,"date":"2025-08-01T17:36:15","date_gmt":"2025-08-01T20:36:15","guid":{"rendered":"https:\/\/laserenaradio.cl\/web\/?p=18392"},"modified":"2025-08-01T17:36:15","modified_gmt":"2025-08-01T20:36:15","slug":"fallece-un-trabajador-y-cinco-quedan-desaparecidos-tras-derrumbe-en-mina-el-teniente-de-codelco","status":"publish","type":"post","link":"https:\/\/laserenaradio.cl\/web\/2025\/08\/01\/fallece-un-trabajador-y-cinco-quedan-desaparecidos-tras-derrumbe-en-mina-el-teniente-de-codelco\/","title":{"rendered":"Fallece un trabajador y cinco quedan desaparecidos tras derrumbe en mina El Teniente de Codelco."},"content":{"rendered":"<p>Este jueves 31 de julio, un derrumbe en la mina El Teniente de Codelco caus\u00f3 la muerte de un trabajador y dej\u00f3 desaparecidas a otras cinco personas, adem\u00e1s de dejar nueve heridos. <\/p>\n<p>El fallecimiento ocurri\u00f3 tras un desprendimiento de roca en el sector poniente del yacimiento Andesita, ubicado en una de las cotas m\u00e1s profundas de El Teniente. <\/p>\n<p>Seg\u00fan inform\u00f3 M\u00e1ximo Pacheco, presidente de Codelco, un sismo de magnitud 4.2 se registr\u00f3 en la zona, pero a\u00f1adi\u00f3 que el deslizamiento fue causado por los trabajos mineros en el \u00e1rea. Por este motivo, el Servicio Nacional de Geolog\u00eda y Miner\u00eda (Sernageomin) realizar\u00e1 una investigaci\u00f3n para esclarecer los hechos.<\/p>\n<p>Asimismo, la <a href=\"https:\/\/www.fiscaliadechile.cl\/\">Fiscal\u00eda<\/a> Regional de O\u2019Higgins ha abierto una investigaci\u00f3n criminal por cuasidelito de homicidio. <\/p>\n<p>El yacimiento El Teniente se encuentra en Machal\u00ed, a 50 kil\u00f3metros de Rancagua, y es el m\u00e1s grande del mundo en terms de cobre subterr\u00e1neo, con m\u00e1s de 4.500 kil\u00f3metros de galer\u00edas.<\/p>\n<p>Los yacimientos destacados de la mina incluyen Diablo Regimiento Fase IV, Esmeralda, Dacita, Reservas Norte, Pipa Norte, Sur Andes Pipa y Pilar Norte. Adem\u00e1s, actualmente cuenta con proyectos para extender la operaci\u00f3n por 50 a\u00f1os en Andes Norte, Diamante y Andesita.<\/p>\n<p>En cuanto al derrumbe espec\u00edfico, se produjo en el nivel Teniente 7, ubicado al norte del yacimiento y a 900 metros de profundidad.<\/p>\n","protected":false},"excerpt":{"rendered":"<p>Este jueves 31 de julio, un derrumbe en la mina El Teniente de Codelco caus\u00f3 la muerte de un trabajador y dej\u00f3 desaparecidas a otras cinco personas, adem\u00e1s de dejar nueve heridos. El fallecimiento ocurri\u00f3 tras un desprendimiento de roca en el sector poniente del yacimiento Andesita, ubicado en una de las cotas m\u00e1s profundas [&hellip;]<\/p>\n","protected":false},"author":2,"featured_media":18391,"comment_status":"closed","ping_status":"open","sticky":false,"template":"","format":"standard","meta":{"_jetpack_memberships_contains_paid_content":false,"jnews-multi-image_gallery":[],"jnews_single_post":[],"jnews_primary_category":[],"jnews_social_meta":[],"jnews_paywall_metabox":[],"jnews_review":[],"enable_review":"","type":"","name":"","summary":"","brand":"","sku":"","good":[],"bad":[],"score_override":"","override_value":"","rating":[],"price":[],"jnews_override_counter":[],"jnews_post_split":[],"footnotes":""},"categories":[21],"tags":[],"class_list":["post-18392","post","type-post","status-publish","format-standard","has-post-thumbnail","hentry","category-nacional"],"jetpack_featured_media_url":"https:\/\/laserenaradio.cl\/web\/wp-content\/uploads\/2025\/08\/homepiaiextractoscrapimg_webpderrumbeminaCodelcoyacimiento_1.webp","jetpack_sharing_enabled":true,"_links":{"self":[{"href":"https:\/\/laserenaradio.cl\/web\/wp-json\/wp\/v2\/posts\/18392","targetHints":{"allow":["GET"]}}],"collection":[{"href":"https:\/\/laserenaradio.cl\/web\/wp-json\/wp\/v2\/posts"}],"about":[{"href":"https:\/\/laserenaradio.cl\/web\/wp-json\/wp\/v2\/types\/post"}],"author":[{"embeddable":true,"href":"https:\/\/laserenaradio.cl\/web\/wp-json\/wp\/v2\/users\/2"}],"replies":[{"embeddable":true,"href":"https:\/\/laserenaradio.cl\/web\/wp-json\/wp\/v2\/comments?post=18392"}],"version-history":[{"count":1,"href":"https:\/\/laserenaradio.cl\/web\/wp-json\/wp\/v2\/posts\/18392\/revisions"}],"predecessor-version":[{"id":18393,"href":"https:\/\/laserenaradio.cl\/web\/wp-json\/wp\/v2\/posts\/18392\/revisions\/18393"}],"wp:featuredmedia":[{"embeddable":true,"href":"https:\/\/laserenaradio.cl\/web\/wp-json\/wp\/v2\/media\/18391"}],"wp:attachment":[{"href":"https:\/\/laserenaradio.cl\/web\/wp-json\/wp\/v2\/media?parent=18392"}],"wp:term":[{"taxonomy":"category","embeddable":true,"href":"https:\/\/laserenaradio.cl\/web\/wp-json\/wp\/v2\/categories?post=18392"},{"taxonomy":"post_tag","embeddable":true,"href":"https:\/\/laserenaradio.cl\/web\/wp-json\/wp\/v2\/tags?post=18392"}],"curies":[{"name":"wp","href":"https:\/\/api.w.org\/{rel}","templated":true}]}}