{"id":18380,"date":"2025-08-01T17:11:38","date_gmt":"2025-08-01T20:11:38","guid":{"rendered":"https:\/\/laserenaradio.cl\/web\/?p=18380"},"modified":"2025-08-01T17:11:38","modified_gmt":"2025-08-01T20:11:38","slug":"el-psg-jugador-achraf-hakimi-imputado-por-violacion","status":"publish","type":"post","link":"https:\/\/laserenaradio.cl\/web\/2025\/08\/01\/el-psg-jugador-achraf-hakimi-imputado-por-violacion\/","title":{"rendered":"El PSG jugador Achraf Hakimi imputado por violaci\u00f3n."},"content":{"rendered":"<p>La fiscal\u00eda de Nanterre ha solicitado la acusaci\u00f3n de Achraf Hakimi, defensa hispano-marroqu\u00ed del Par\u00eds Saint-Germain (PSG), por violaci\u00f3n. El caso se remonta al 25 de febrero de 2023.<\/p>\n<p>Ser\u00e1 un juez de instrucci\u00f3n quien confirme o no los t\u00e9rminos de la acusaci\u00f3n, firmada este jueves seg\u00fan Le Parisien.<\/p>\n<p>Hakimi fue formalmente acusado de violaci\u00f3n el pasado 3 de marzo. A pesar del juzgamiento, se le permiti\u00f3 seguir jugando regularmente, incluso fuera de Francia, aunque no pudo entrar en contacto con la denunciante.<\/p>\n<p>La mujer contact\u00f3 a Hakimi mediante las redes sociales el 16 de enero de 2023. Seg\u00fan su denuncia, el futbolista la bes\u00f3 en los labios pese a su rechazo y le realiz\u00f3 actos sexuales forzados.<\/p>\n<p>En v\u00edsperas del partido contra el Olympique de Marsella, Hakimi la invit\u00f3 a su domicilio en Boulogne-Billancourt. La mujer deshizo la situaci\u00f3n con una patada y busc\u00f3 ayuda de una amiga.<\/p>\n<p>El defensa del PSG se encontraba ya entrenando normalmente cuando se dio a conocer la noticia de su imputaci\u00f3n.<\/p>\n<p>Hakimi, nacido en Madrid en 1998, estuvo recientemente en Puerto Rico junto con Kylian Mbapp\u00e9, actual jugador del Real Madrid.<\/p>\n","protected":false},"excerpt":{"rendered":"<p>La fiscal\u00eda de Nanterre ha solicitado la acusaci\u00f3n de Achraf Hakimi, defensa hispano-marroqu\u00ed del Par\u00eds Saint-Germain (PSG), por violaci\u00f3n. El caso se remonta al 25 de febrero de 2023. Ser\u00e1 un juez de instrucci\u00f3n quien confirme o no los t\u00e9rminos de la acusaci\u00f3n, firmada este jueves seg\u00fan Le Parisien. Hakimi fue formalmente acusado de violaci\u00f3n [&hellip;]<\/p>\n","protected":false},"author":2,"featured_media":18379,"comment_status":"closed","ping_status":"open","sticky":false,"template":"","format":"standard","meta":{"_jetpack_memberships_contains_paid_content":false,"jnews-multi-image_gallery":[],"jnews_single_post":[],"jnews_primary_category":[],"jnews_social_meta":[],"jnews_paywall_metabox":[],"jnews_review":[],"enable_review":"","type":"","name":"","summary":"","brand":"","sku":"","good":[],"bad":[],"score_override":"","override_value":"","rating":[],"price":[],"jnews_override_counter":[],"jnews_post_split":[],"footnotes":""},"categories":[84],"tags":[],"class_list":["post-18380","post","type-post","status-publish","format-standard","has-post-thumbnail","hentry","category-deportes"],"jetpack_featured_media_url":"https:\/\/laserenaradio.cl\/web\/wp-content\/uploads\/2025\/08\/homepiaiextractoscrapimg_webpPSGAchraf_0.webp","jetpack_sharing_enabled":true,"_links":{"self":[{"href":"https:\/\/laserenaradio.cl\/web\/wp-json\/wp\/v2\/posts\/18380","targetHints":{"allow":["GET"]}}],"collection":[{"href":"https:\/\/laserenaradio.cl\/web\/wp-json\/wp\/v2\/posts"}],"about":[{"href":"https:\/\/laserenaradio.cl\/web\/wp-json\/wp\/v2\/types\/post"}],"author":[{"embeddable":true,"href":"https:\/\/laserenaradio.cl\/web\/wp-json\/wp\/v2\/users\/2"}],"replies":[{"embeddable":true,"href":"https:\/\/laserenaradio.cl\/web\/wp-json\/wp\/v2\/comments?post=18380"}],"version-history":[{"count":1,"href":"https:\/\/laserenaradio.cl\/web\/wp-json\/wp\/v2\/posts\/18380\/revisions"}],"predecessor-version":[{"id":18381,"href":"https:\/\/laserenaradio.cl\/web\/wp-json\/wp\/v2\/posts\/18380\/revisions\/18381"}],"wp:featuredmedia":[{"embeddable":true,"href":"https:\/\/laserenaradio.cl\/web\/wp-json\/wp\/v2\/media\/18379"}],"wp:attachment":[{"href":"https:\/\/laserenaradio.cl\/web\/wp-json\/wp\/v2\/media?parent=18380"}],"wp:term":[{"taxonomy":"category","embeddable":true,"href":"https:\/\/laserenaradio.cl\/web\/wp-json\/wp\/v2\/categories?post=18380"},{"taxonomy":"post_tag","embeddable":true,"href":"https:\/\/laserenaradio.cl\/web\/wp-json\/wp\/v2\/tags?post=18380"}],"curies":[{"name":"wp","href":"https:\/\/api.w.org\/{rel}","templated":true}]}}