{"id":18302,"date":"2025-07-30T13:44:57","date_gmt":"2025-07-30T16:44:57","guid":{"rendered":"https:\/\/laserenaradio.cl\/web\/?p=18302"},"modified":"2025-07-30T13:44:57","modified_gmt":"2025-07-30T16:44:57","slug":"alerta-roja-por-tsunami-en-chile-tras-sismo-en-rusia","status":"publish","type":"post","link":"https:\/\/laserenaradio.cl\/web\/2025\/07\/30\/alerta-roja-por-tsunami-en-chile-tras-sismo-en-rusia\/","title":{"rendered":"Alerta Roja por tsunami en Chile tras sismo en Rusia"},"content":{"rendered":"<p>La <a href=\"https:\/\/www.dgac.gob.cl\/\">Direcci\u00f3n General de Aeron\u00e1utica Civil<\/a> de Chile (<a href=\"https:\/\/www.dgac.gob.cl\/\">DGAC<\/a>) inform\u00f3 que la red aeroportuaria nacional opera con normalidad tras el terremoto 8.8 en Rusia, aunque mantendr\u00e1 un monitoreo constante seg\u00fan las actualizaciones del <a href=\"http:\/\/www.senapred.cl\">Senapred<\/a>.<\/p>\n<p>El Servicio Nacional de Prevenci\u00f3n y Respuesta ante Desastres (<a href=\"http:\/\/www.senapred.cl\">Senapred<\/a>) emiti\u00f3 una Alerta Roja para las comunas costeras entre Arica y Parinacota, Magallanes, y el territorio Insular y Ant\u00e1rtico en respuesta al riesgo de tsunami.<\/p>\n<p>El <a href=\"http:\/\/www.senapred.cl\">Senapred<\/a> tambi\u00e9n alert\u00f3 sobre la amenaza de tsunami en las regiones costeras relevantes. El Servicio Hidrogr\u00e1fico y Oceanogr\u00e1fico de la Armada (<a href=\"https:\/\/www.snamchile.cl\/\">SHOA<\/a>) public\u00f3 su Bolet\u00edn 4, estimando la llegada del evento mar\u00edtimo a 41 localidades chilenas.<\/p>\n<p>Con estas medidas preventivas, la subsecretaria de Educaci\u00f3n, Alejandra Arratia, anunci\u00f3 la suspensi\u00f3n de clases en todos los establecimientos educacionales de las comunas borde costeras entre Arica y Parinacota y Los Lagos.<\/p>\n","protected":false},"excerpt":{"rendered":"<p>La Direcci\u00f3n General de Aeron\u00e1utica Civil de Chile (DGAC) inform\u00f3 que la red aeroportuaria nacional opera con normalidad tras el terremoto 8.8 en Rusia, aunque mantendr\u00e1 un monitoreo constante seg\u00fan las actualizaciones del Senapred. El Servicio Nacional de Prevenci\u00f3n y Respuesta ante Desastres (Senapred) emiti\u00f3 una Alerta Roja para las comunas costeras entre Arica y [&hellip;]<\/p>\n","protected":false},"author":2,"featured_media":18301,"comment_status":"closed","ping_status":"open","sticky":false,"template":"","format":"standard","meta":{"_jetpack_memberships_contains_paid_content":false,"jnews-multi-image_gallery":[],"jnews_single_post":[],"jnews_primary_category":[],"jnews_social_meta":[],"jnews_paywall_metabox":[],"jnews_review":[],"enable_review":"","type":"","name":"","summary":"","brand":"","sku":"","good":[],"bad":[],"score_override":"","override_value":"","rating":[],"price":[],"jnews_override_counter":[],"jnews_post_split":[],"footnotes":""},"categories":[21],"tags":[],"class_list":["post-18302","post","type-post","status-publish","format-standard","has-post-thumbnail","hentry","category-nacional"],"jetpack_featured_media_url":"https:\/\/laserenaradio.cl\/web\/wp-content\/uploads\/2025\/07\/homepiaiextractoscrapimg_webpsenapredSenapredcosterastsunami_1.webp","jetpack_sharing_enabled":true,"_links":{"self":[{"href":"https:\/\/laserenaradio.cl\/web\/wp-json\/wp\/v2\/posts\/18302","targetHints":{"allow":["GET"]}}],"collection":[{"href":"https:\/\/laserenaradio.cl\/web\/wp-json\/wp\/v2\/posts"}],"about":[{"href":"https:\/\/laserenaradio.cl\/web\/wp-json\/wp\/v2\/types\/post"}],"author":[{"embeddable":true,"href":"https:\/\/laserenaradio.cl\/web\/wp-json\/wp\/v2\/users\/2"}],"replies":[{"embeddable":true,"href":"https:\/\/laserenaradio.cl\/web\/wp-json\/wp\/v2\/comments?post=18302"}],"version-history":[{"count":1,"href":"https:\/\/laserenaradio.cl\/web\/wp-json\/wp\/v2\/posts\/18302\/revisions"}],"predecessor-version":[{"id":18303,"href":"https:\/\/laserenaradio.cl\/web\/wp-json\/wp\/v2\/posts\/18302\/revisions\/18303"}],"wp:featuredmedia":[{"embeddable":true,"href":"https:\/\/laserenaradio.cl\/web\/wp-json\/wp\/v2\/media\/18301"}],"wp:attachment":[{"href":"https:\/\/laserenaradio.cl\/web\/wp-json\/wp\/v2\/media?parent=18302"}],"wp:term":[{"taxonomy":"category","embeddable":true,"href":"https:\/\/laserenaradio.cl\/web\/wp-json\/wp\/v2\/categories?post=18302"},{"taxonomy":"post_tag","embeddable":true,"href":"https:\/\/laserenaradio.cl\/web\/wp-json\/wp\/v2\/tags?post=18302"}],"curies":[{"name":"wp","href":"https:\/\/api.w.org\/{rel}","templated":true}]}}