{"id":18296,"date":"2025-07-30T01:55:36","date_gmt":"2025-07-30T04:55:36","guid":{"rendered":"https:\/\/laserenaradio.cl\/web\/?p=18296"},"modified":"2025-07-30T01:55:36","modified_gmt":"2025-07-30T04:55:36","slug":"clases-suspendidas-por-alerta-de-tsunami","status":"publish","type":"post","link":"https:\/\/laserenaradio.cl\/web\/2025\/07\/30\/clases-suspendidas-por-alerta-de-tsunami\/","title":{"rendered":"Clases suspendidas por alerta de tsunami"},"content":{"rendered":"<p>La subsecretaria de Educaci\u00f3n, Alejandra Arratia, anunci\u00f3 la suspensi\u00f3n de clases en establecimientos educacionales ubicados en comunas costeras entre Arica y Parinacota y Los Lagos. Esta decisi\u00f3n se tom\u00f3 despu\u00e9s de una alerta de tsunami generada por un terremoto de magnitud 8.8 ocurrido en Kamchatka, Rusia. La medida fue aprobada durante un urgente Comit\u00e9 para la Gesti\u00f3n de Riesgo de Desastre (Cogrid), convocado por el Servicio Nacional de Prevenci\u00f3n y Respuesta ante Desastres (<a href=\"http:\/\/www.senapred.cl\">Senapred<\/a>).<\/p>\n","protected":false},"excerpt":{"rendered":"<p>La subsecretaria de Educaci\u00f3n, Alejandra Arratia, anunci\u00f3 la suspensi\u00f3n de clases en establecimientos educacionales ubicados en comunas costeras entre Arica y Parinacota y Los Lagos. Esta decisi\u00f3n se tom\u00f3 despu\u00e9s de una alerta de tsunami generada por un terremoto de magnitud 8.8 ocurrido en Kamchatka, Rusia. La medida fue aprobada durante un urgente Comit\u00e9 para [&hellip;]<\/p>\n","protected":false},"author":2,"featured_media":18295,"comment_status":"closed","ping_status":"open","sticky":false,"template":"","format":"standard","meta":{"_jetpack_memberships_contains_paid_content":false,"jnews-multi-image_gallery":[],"jnews_single_post":[],"jnews_primary_category":[],"jnews_social_meta":[],"jnews_paywall_metabox":[],"jnews_review":[],"enable_review":"","type":"","name":"","summary":"","brand":"","sku":"","good":[],"bad":[],"score_override":"","override_value":"","rating":[],"price":[],"jnews_override_counter":[],"jnews_post_split":[],"footnotes":""},"categories":[21],"tags":[],"class_list":["post-18296","post","type-post","status-publish","format-standard","has-post-thumbnail","hentry","category-nacional"],"jetpack_featured_media_url":"https:\/\/laserenaradio.cl\/web\/wp-content\/uploads\/2025\/07\/homepiaiextractoscrapimg_webptsunamisubsecretariaAlejandraArratia_1.webp","jetpack_sharing_enabled":true,"_links":{"self":[{"href":"https:\/\/laserenaradio.cl\/web\/wp-json\/wp\/v2\/posts\/18296","targetHints":{"allow":["GET"]}}],"collection":[{"href":"https:\/\/laserenaradio.cl\/web\/wp-json\/wp\/v2\/posts"}],"about":[{"href":"https:\/\/laserenaradio.cl\/web\/wp-json\/wp\/v2\/types\/post"}],"author":[{"embeddable":true,"href":"https:\/\/laserenaradio.cl\/web\/wp-json\/wp\/v2\/users\/2"}],"replies":[{"embeddable":true,"href":"https:\/\/laserenaradio.cl\/web\/wp-json\/wp\/v2\/comments?post=18296"}],"version-history":[{"count":1,"href":"https:\/\/laserenaradio.cl\/web\/wp-json\/wp\/v2\/posts\/18296\/revisions"}],"predecessor-version":[{"id":18297,"href":"https:\/\/laserenaradio.cl\/web\/wp-json\/wp\/v2\/posts\/18296\/revisions\/18297"}],"wp:featuredmedia":[{"embeddable":true,"href":"https:\/\/laserenaradio.cl\/web\/wp-json\/wp\/v2\/media\/18295"}],"wp:attachment":[{"href":"https:\/\/laserenaradio.cl\/web\/wp-json\/wp\/v2\/media?parent=18296"}],"wp:term":[{"taxonomy":"category","embeddable":true,"href":"https:\/\/laserenaradio.cl\/web\/wp-json\/wp\/v2\/categories?post=18296"},{"taxonomy":"post_tag","embeddable":true,"href":"https:\/\/laserenaradio.cl\/web\/wp-json\/wp\/v2\/tags?post=18296"}],"curies":[{"name":"wp","href":"https:\/\/api.w.org\/{rel}","templated":true}]}}