{"id":18293,"date":"2025-07-30T00:38:44","date_gmt":"2025-07-30T03:38:44","guid":{"rendered":"https:\/\/laserenaradio.cl\/web\/?p=18293"},"modified":"2025-07-30T00:38:44","modified_gmt":"2025-07-30T03:38:44","slug":"senapred-declara-alerta-amarilla-para-todas-las-comunas-costeras-debido-a-un-terremoto-en-rusia","status":"publish","type":"post","link":"https:\/\/laserenaradio.cl\/web\/2025\/07\/30\/senapred-declara-alerta-amarilla-para-todas-las-comunas-costeras-debido-a-un-terremoto-en-rusia\/","title":{"rendered":"Senapred declara Alerta Amarilla para todas las comunas costeras debido a un terremoto en Rusia."},"content":{"rendered":"<p><a href=\"http:\/\/www.senapred.cl\">Senapred<\/a> declar\u00f3 Alerta Amarilla para comunas costeras chilenas tras sismo 8.7 en Kamchatka, Rusia. La medida abarca desde Arica y Parinacota hasta Magallanes, incluyendo el Territorio Ant\u00e1rtico Chileno e islas oce\u00e1nicas. Esta decisi\u00f3n se bas\u00f3 en el informe del <a href=\"https:\/\/www.snamchile.cl\/\">SHOA<\/a>, que confirm\u00f3 el terremoto a las 19:25 horas chilenas con epicentro &#8220;134 kil\u00f3metros al Sureste de Petropavlovsk de Kamchatka&#8221;. <a href=\"http:\/\/www.senapred.cl\">Senapred<\/a> destac\u00f3 la validaci\u00f3n por parte del Pacific Tsunami Warning Center (PTWC).<\/p>\n<p>La Alerta Amarilla regir\u00e1 desde hoy hasta que las condiciones as\u00ed lo ameriten. <a href=\"http:\/\/www.senapred.cl\">Senapred<\/a> instruy\u00f3 a las Direcciones Regionales a alistar recursos necesarios para intervenci\u00f3n con el objetivo de minimizar efectos negativos en personas, bienes y medio ambiente.<\/p>\n<p>El punto central del decreto es el cronograma obligatorio de evacuaci\u00f3n preventiva. Las \u00f3rdenes de desplazamiento iniciar\u00e1n en distintos horarios este 30 de julio, coordinados con las horas estimadas de impacto seg\u00fan el <a href=\"https:\/\/www.snamchile.cl\/\">SHOA<\/a>.<\/p>\n","protected":false},"excerpt":{"rendered":"<p>Senapred declar\u00f3 Alerta Amarilla para comunas costeras chilenas tras sismo 8.7 en Kamchatka, Rusia. La medida abarca desde Arica y Parinacota hasta Magallanes, incluyendo el Territorio Ant\u00e1rtico Chileno e islas oce\u00e1nicas. Esta decisi\u00f3n se bas\u00f3 en el informe del SHOA, que confirm\u00f3 el terremoto a las 19:25 horas chilenas con epicentro &#8220;134 kil\u00f3metros al Sureste [&hellip;]<\/p>\n","protected":false},"author":2,"featured_media":18292,"comment_status":"closed","ping_status":"open","sticky":false,"template":"","format":"standard","meta":{"_jetpack_memberships_contains_paid_content":false,"jnews-multi-image_gallery":[],"jnews_single_post":[],"jnews_primary_category":[],"jnews_social_meta":[],"jnews_paywall_metabox":[],"jnews_review":[],"enable_review":"","type":"","name":"","summary":"","brand":"","sku":"","good":[],"bad":[],"score_override":"","override_value":"","rating":[],"price":[],"jnews_override_counter":[],"jnews_post_split":[],"footnotes":""},"categories":[21],"tags":[],"class_list":["post-18293","post","type-post","status-publish","format-standard","has-post-thumbnail","hentry","category-nacional"],"jetpack_featured_media_url":"https:\/\/laserenaradio.cl\/web\/wp-content\/uploads\/2025\/07\/homepiaiextractoscrapimg_webpSenapredsenapredAlertaAmarillacomunas_1.webp","jetpack_sharing_enabled":true,"_links":{"self":[{"href":"https:\/\/laserenaradio.cl\/web\/wp-json\/wp\/v2\/posts\/18293","targetHints":{"allow":["GET"]}}],"collection":[{"href":"https:\/\/laserenaradio.cl\/web\/wp-json\/wp\/v2\/posts"}],"about":[{"href":"https:\/\/laserenaradio.cl\/web\/wp-json\/wp\/v2\/types\/post"}],"author":[{"embeddable":true,"href":"https:\/\/laserenaradio.cl\/web\/wp-json\/wp\/v2\/users\/2"}],"replies":[{"embeddable":true,"href":"https:\/\/laserenaradio.cl\/web\/wp-json\/wp\/v2\/comments?post=18293"}],"version-history":[{"count":1,"href":"https:\/\/laserenaradio.cl\/web\/wp-json\/wp\/v2\/posts\/18293\/revisions"}],"predecessor-version":[{"id":18294,"href":"https:\/\/laserenaradio.cl\/web\/wp-json\/wp\/v2\/posts\/18293\/revisions\/18294"}],"wp:featuredmedia":[{"embeddable":true,"href":"https:\/\/laserenaradio.cl\/web\/wp-json\/wp\/v2\/media\/18292"}],"wp:attachment":[{"href":"https:\/\/laserenaradio.cl\/web\/wp-json\/wp\/v2\/media?parent=18293"}],"wp:term":[{"taxonomy":"category","embeddable":true,"href":"https:\/\/laserenaradio.cl\/web\/wp-json\/wp\/v2\/categories?post=18293"},{"taxonomy":"post_tag","embeddable":true,"href":"https:\/\/laserenaradio.cl\/web\/wp-json\/wp\/v2\/tags?post=18293"}],"curies":[{"name":"wp","href":"https:\/\/api.w.org\/{rel}","templated":true}]}}